{"id":9783,"date":"2022-04-29T11:21:00","date_gmt":"2022-04-29T10:21:00","guid":{"rendered":"https:\/\/drugagimnazija.hr\/?p=9783"},"modified":"2024-03-04T01:28:29","modified_gmt":"2024-03-04T00:28:29","slug":"ukrajini-s-ljubavlju","status":"publish","type":"post","link":"https:\/\/drugagimnazija.hr\/?p=9783","title":{"rendered":"Ukrajini s ljubavlju"},"content":{"rendered":"\n<p>No\u0107 knjige odr\u017eana je 25. travnja u \u0161kolskoj knji\u017enici. Potaknuti politi\u010dkim i dru\u0161tvenim zbivanjima u Europi, sudionici projekta &#8220;Ukrajini s ljubavlju&#8221; odlu\u010dili su odr\u017eati izlaganje o modernisti\u010dkim i suvremenim autorima ukrajinske knji\u017eevnosti.<\/p>\n","protected":false},"excerpt":{"rendered":"<p>No\u0107 knjige odr\u017eana je 25. travnja u \u0161kolskoj knji\u017enici. Potaknuti politi\u010dkim i dru\u0161tvenim zbivanjima u Europi, sudionici projekta &#8220;Ukrajini s [&hellip;]<\/p>\n","protected":false},"author":2,"featured_media":9784,"comment_status":"closed","ping_status":"closed","sticky":false,"template":"","format":"standard","meta":{"cybocfi_hide_featured_image":"yes","footnotes":""},"categories":[109,2],"tags":[],"class_list":["post-9783","post","type-post","status-publish","format-standard","has-post-thumbnail","hentry","category-hrvatski","category-novosti"],"_links":{"self":[{"href":"https:\/\/drugagimnazija.hr\/index.php?rest_route=\/wp\/v2\/posts\/9783","targetHints":{"allow":["GET"]}}],"collection":[{"href":"https:\/\/drugagimnazija.hr\/index.php?rest_route=\/wp\/v2\/posts"}],"about":[{"href":"https:\/\/drugagimnazija.hr\/index.php?rest_route=\/wp\/v2\/types\/post"}],"author":[{"embeddable":true,"href":"https:\/\/drugagimnazija.hr\/index.php?rest_route=\/wp\/v2\/users\/2"}],"replies":[{"embeddable":true,"href":"https:\/\/drugagimnazija.hr\/index.php?rest_route=%2Fwp%2Fv2%2Fcomments&post=9783"}],"version-history":[{"count":3,"href":"https:\/\/drugagimnazija.hr\/index.php?rest_route=\/wp\/v2\/posts\/9783\/revisions"}],"predecessor-version":[{"id":9787,"href":"https:\/\/drugagimnazija.hr\/index.php?rest_route=\/wp\/v2\/posts\/9783\/revisions\/9787"}],"wp:featuredmedia":[{"embeddable":true,"href":"https:\/\/drugagimnazija.hr\/index.php?rest_route=\/wp\/v2\/media\/9784"}],"wp:attachment":[{"href":"https:\/\/drugagimnazija.hr\/index.php?rest_route=%2Fwp%2Fv2%2Fmedia&parent=9783"}],"wp:term":[{"taxonomy":"category","embeddable":true,"href":"https:\/\/drugagimnazija.hr\/index.php?rest_route=%2Fwp%2Fv2%2Fcategories&post=9783"},{"taxonomy":"post_tag","embeddable":true,"href":"https:\/\/drugagimnazija.hr\/index.php?rest_route=%2Fwp%2Fv2%2Ftags&post=9783"}],"curies":[{"name":"wp","href":"https:\/\/api.w.org\/{rel}","templated":true}]}}