{"id":9757,"date":"2021-06-16T10:31:00","date_gmt":"2021-06-16T09:31:00","guid":{"rendered":"https:\/\/drugagimnazija.hr\/?p=9757"},"modified":"2024-03-04T00:37:47","modified_gmt":"2024-03-03T23:37:47","slug":"za-mene-je-sreca-virtualna-izlozba-ucenika-ii-gimnazije","status":"publish","type":"post","link":"https:\/\/drugagimnazija.hr\/?p=9757","title":{"rendered":"\u201cZA MENE JE SRE\u0106A\u201d \u2013 virtualna izlo\u017eba u\u010denika II. gimnazije"},"content":{"rendered":"\n<p>Nakon zahtjevne \u0161kolske godine, u\u010denici II. gimnazije odlu\u010dili su nas razveseliti jednom\u00a0virtualnom izlo\u017ebom fotografija. <\/p>\n\n\n\n<p><\/p>\n","protected":false},"excerpt":{"rendered":"<p>Nakon zahtjevne \u0161kolske godine, u\u010denici II. gimnazije odlu\u010dili su nas razveseliti jednom\u00a0virtualnom izlo\u017ebom fotografija.<\/p>\n","protected":false},"author":2,"featured_media":9646,"comment_status":"closed","ping_status":"closed","sticky":false,"template":"","format":"standard","meta":{"cybocfi_hide_featured_image":"yes","footnotes":""},"categories":[113,2],"tags":[],"class_list":["post-9757","post","type-post","status-publish","format-standard","has-post-thumbnail","hentry","category-foto-grupa","category-novosti"],"_links":{"self":[{"href":"https:\/\/drugagimnazija.hr\/index.php?rest_route=\/wp\/v2\/posts\/9757","targetHints":{"allow":["GET"]}}],"collection":[{"href":"https:\/\/drugagimnazija.hr\/index.php?rest_route=\/wp\/v2\/posts"}],"about":[{"href":"https:\/\/drugagimnazija.hr\/index.php?rest_route=\/wp\/v2\/types\/post"}],"author":[{"embeddable":true,"href":"https:\/\/drugagimnazija.hr\/index.php?rest_route=\/wp\/v2\/users\/2"}],"replies":[{"embeddable":true,"href":"https:\/\/drugagimnazija.hr\/index.php?rest_route=%2Fwp%2Fv2%2Fcomments&post=9757"}],"version-history":[{"count":5,"href":"https:\/\/drugagimnazija.hr\/index.php?rest_route=\/wp\/v2\/posts\/9757\/revisions"}],"predecessor-version":[{"id":9763,"href":"https:\/\/drugagimnazija.hr\/index.php?rest_route=\/wp\/v2\/posts\/9757\/revisions\/9763"}],"wp:featuredmedia":[{"embeddable":true,"href":"https:\/\/drugagimnazija.hr\/index.php?rest_route=\/wp\/v2\/media\/9646"}],"wp:attachment":[{"href":"https:\/\/drugagimnazija.hr\/index.php?rest_route=%2Fwp%2Fv2%2Fmedia&parent=9757"}],"wp:term":[{"taxonomy":"category","embeddable":true,"href":"https:\/\/drugagimnazija.hr\/index.php?rest_route=%2Fwp%2Fv2%2Fcategories&post=9757"},{"taxonomy":"post_tag","embeddable":true,"href":"https:\/\/drugagimnazija.hr\/index.php?rest_route=%2Fwp%2Fv2%2Ftags&post=9757"}],"curies":[{"name":"wp","href":"https:\/\/api.w.org\/{rel}","templated":true}]}}