{"id":9528,"date":"2024-02-12T19:04:15","date_gmt":"2024-02-12T18:04:15","guid":{"rendered":"https:\/\/drugagimnazija.hr\/?p=9528"},"modified":"2024-03-03T23:46:26","modified_gmt":"2024-03-03T22:46:26","slug":"lidrano","status":"publish","type":"post","link":"https:\/\/drugagimnazija.hr\/?p=9528","title":{"rendered":"Lidrano"},"content":{"rendered":"\n<p>Za\u0161to je velja\u010da mjesec koji nas posebno veseli? Gradskoj razini Lidrana, odr\u017eanoj 8. velja\u010de, prisustvovali su brojni u\u010denici Druge gimnazije koji su predstavljali svoje radove u razli\u010ditim kategorijama.<\/p>\n","protected":false},"excerpt":{"rendered":"<p>Za\u0161to je velja\u010da mjesec koji nas posebno veseli? Gradskoj razini Lidrana, odr\u017eanoj 8. velja\u010de, prisustvovali su brojni u\u010denici Druge gimnazije [&hellip;]<\/p>\n","protected":false},"author":2,"featured_media":9531,"comment_status":"closed","ping_status":"closed","sticky":false,"template":"","format":"standard","meta":{"cybocfi_hide_featured_image":"yes","footnotes":""},"categories":[109,2],"tags":[],"class_list":["post-9528","post","type-post","status-publish","format-standard","has-post-thumbnail","hentry","category-hrvatski","category-novosti"],"_links":{"self":[{"href":"https:\/\/drugagimnazija.hr\/index.php?rest_route=\/wp\/v2\/posts\/9528","targetHints":{"allow":["GET"]}}],"collection":[{"href":"https:\/\/drugagimnazija.hr\/index.php?rest_route=\/wp\/v2\/posts"}],"about":[{"href":"https:\/\/drugagimnazija.hr\/index.php?rest_route=\/wp\/v2\/types\/post"}],"author":[{"embeddable":true,"href":"https:\/\/drugagimnazija.hr\/index.php?rest_route=\/wp\/v2\/users\/2"}],"replies":[{"embeddable":true,"href":"https:\/\/drugagimnazija.hr\/index.php?rest_route=%2Fwp%2Fv2%2Fcomments&post=9528"}],"version-history":[{"count":4,"href":"https:\/\/drugagimnazija.hr\/index.php?rest_route=\/wp\/v2\/posts\/9528\/revisions"}],"predecessor-version":[{"id":9754,"href":"https:\/\/drugagimnazija.hr\/index.php?rest_route=\/wp\/v2\/posts\/9528\/revisions\/9754"}],"wp:featuredmedia":[{"embeddable":true,"href":"https:\/\/drugagimnazija.hr\/index.php?rest_route=\/wp\/v2\/media\/9531"}],"wp:attachment":[{"href":"https:\/\/drugagimnazija.hr\/index.php?rest_route=%2Fwp%2Fv2%2Fmedia&parent=9528"}],"wp:term":[{"taxonomy":"category","embeddable":true,"href":"https:\/\/drugagimnazija.hr\/index.php?rest_route=%2Fwp%2Fv2%2Fcategories&post=9528"},{"taxonomy":"post_tag","embeddable":true,"href":"https:\/\/drugagimnazija.hr\/index.php?rest_route=%2Fwp%2Fv2%2Ftags&post=9528"}],"curies":[{"name":"wp","href":"https:\/\/api.w.org\/{rel}","templated":true}]}}