{"id":9444,"date":"2024-02-05T10:08:57","date_gmt":"2024-02-05T09:08:57","guid":{"rendered":"https:\/\/drugagimnazija.hr\/?p=9444"},"modified":"2024-03-04T01:59:59","modified_gmt":"2024-03-04T00:59:59","slug":"umjetnost-koja-me-inspirira-ulicna-umjetnost-u-sluzbi-grada","status":"publish","type":"post","link":"https:\/\/drugagimnazija.hr\/?p=9444","title":{"rendered":"Umjetnost koja me inspirira: Uli\u010dna umjetnost u slu\u017ebi grada"},"content":{"rendered":"\n<p>Dana 30.sije\u010dnja 2024. u na\u0161oj je \u0161koli odr\u017eano predavanje pod nazivom Uli\u010dna umjetnost u slu\u017ebi grada.<\/p>\n","protected":false},"excerpt":{"rendered":"<p>Dana 30.sije\u010dnja 2024. u na\u0161oj je \u0161koli odr\u017eano predavanje pod nazivom Uli\u010dna umjetnost u slu\u017ebi grada.<\/p>\n","protected":false},"author":2,"featured_media":9446,"comment_status":"closed","ping_status":"closed","sticky":false,"template":"","format":"standard","meta":{"cybocfi_hide_featured_image":"yes","footnotes":""},"categories":[2,115,132],"tags":[],"class_list":["post-9444","post","type-post","status-publish","format-standard","has-post-thumbnail","hentry","category-novosti","category-podrucje-vizualnih-umjetnosti-i-dizajna--lik","category-umjetnost-koja-me-inspirira"],"_links":{"self":[{"href":"https:\/\/drugagimnazija.hr\/index.php?rest_route=\/wp\/v2\/posts\/9444","targetHints":{"allow":["GET"]}}],"collection":[{"href":"https:\/\/drugagimnazija.hr\/index.php?rest_route=\/wp\/v2\/posts"}],"about":[{"href":"https:\/\/drugagimnazija.hr\/index.php?rest_route=\/wp\/v2\/types\/post"}],"author":[{"embeddable":true,"href":"https:\/\/drugagimnazija.hr\/index.php?rest_route=\/wp\/v2\/users\/2"}],"replies":[{"embeddable":true,"href":"https:\/\/drugagimnazija.hr\/index.php?rest_route=%2Fwp%2Fv2%2Fcomments&post=9444"}],"version-history":[{"count":5,"href":"https:\/\/drugagimnazija.hr\/index.php?rest_route=\/wp\/v2\/posts\/9444\/revisions"}],"predecessor-version":[{"id":9463,"href":"https:\/\/drugagimnazija.hr\/index.php?rest_route=\/wp\/v2\/posts\/9444\/revisions\/9463"}],"wp:featuredmedia":[{"embeddable":true,"href":"https:\/\/drugagimnazija.hr\/index.php?rest_route=\/wp\/v2\/media\/9446"}],"wp:attachment":[{"href":"https:\/\/drugagimnazija.hr\/index.php?rest_route=%2Fwp%2Fv2%2Fmedia&parent=9444"}],"wp:term":[{"taxonomy":"category","embeddable":true,"href":"https:\/\/drugagimnazija.hr\/index.php?rest_route=%2Fwp%2Fv2%2Fcategories&post=9444"},{"taxonomy":"post_tag","embeddable":true,"href":"https:\/\/drugagimnazija.hr\/index.php?rest_route=%2Fwp%2Fv2%2Ftags&post=9444"}],"curies":[{"name":"wp","href":"https:\/\/api.w.org\/{rel}","templated":true}]}}