{"id":9171,"date":"2023-10-05T04:28:00","date_gmt":"2023-10-05T03:28:00","guid":{"rendered":"https:\/\/drugagimnazija.hr\/?p=9171"},"modified":"2024-06-04T16:43:23","modified_gmt":"2024-06-04T15:43:23","slug":"svjetski-dan-ucitelja-5-listopada","status":"publish","type":"post","link":"https:\/\/drugagimnazija.hr\/?p=9171","title":{"rendered":"SVJETSKI DAN U\u010cITELJA (5. listopada)"},"content":{"rendered":"\n<p>&#8220;Hvala \u0161to nam poma\u017eete rasti&#8221; poruka je kojom su nas u\u010denici II. gimnazije, u suradnji s upravom \u0161kole i na\u0161om knji\u017eni\u010darkom, razveselili povodom Dana u\u010ditelja.&nbsp;<img loading=\"lazy\" decoding=\"async\" height=\"16\" width=\"16\" src=\"https:\/\/static.xx.fbcdn.net\/images\/emoji.php\/v9\/t79\/1\/16\/1f469_1f3fb_200d_1f3eb.png\" alt=\"??\u200d?\">&nbsp;<br>Hvala na svakom znaku pa\u017enje i neka se zna da su ljubav kojom zalijevamo svoj rast, kao ljudi i profesionalci, itekako obostrani.&nbsp;<img loading=\"lazy\" decoding=\"async\" height=\"16\" width=\"16\" src=\"https:\/\/static.xx.fbcdn.net\/images\/emoji.php\/v9\/t6c\/1\/16\/2764.png\" alt=\"\u2764\ufe0f\"><\/p>\n","protected":false},"excerpt":{"rendered":"<p>&#8220;Hvala \u0161to nam poma\u017eete rasti&#8221; poruka je kojom su nas u\u010denici II. gimnazije, u suradnji s upravom \u0161kole i na\u0161om [&hellip;]<\/p>\n","protected":false},"author":1,"featured_media":8724,"comment_status":"closed","ping_status":"closed","sticky":false,"template":"","format":"standard","meta":{"cybocfi_hide_featured_image":"yes","footnotes":""},"categories":[2],"tags":[],"class_list":["post-9171","post","type-post","status-publish","format-standard","has-post-thumbnail","hentry","category-novosti"],"_links":{"self":[{"href":"https:\/\/drugagimnazija.hr\/index.php?rest_route=\/wp\/v2\/posts\/9171","targetHints":{"allow":["GET"]}}],"collection":[{"href":"https:\/\/drugagimnazija.hr\/index.php?rest_route=\/wp\/v2\/posts"}],"about":[{"href":"https:\/\/drugagimnazija.hr\/index.php?rest_route=\/wp\/v2\/types\/post"}],"author":[{"embeddable":true,"href":"https:\/\/drugagimnazija.hr\/index.php?rest_route=\/wp\/v2\/users\/1"}],"replies":[{"embeddable":true,"href":"https:\/\/drugagimnazija.hr\/index.php?rest_route=%2Fwp%2Fv2%2Fcomments&post=9171"}],"version-history":[{"count":5,"href":"https:\/\/drugagimnazija.hr\/index.php?rest_route=\/wp\/v2\/posts\/9171\/revisions"}],"predecessor-version":[{"id":9332,"href":"https:\/\/drugagimnazija.hr\/index.php?rest_route=\/wp\/v2\/posts\/9171\/revisions\/9332"}],"wp:featuredmedia":[{"embeddable":true,"href":"https:\/\/drugagimnazija.hr\/index.php?rest_route=\/wp\/v2\/media\/8724"}],"wp:attachment":[{"href":"https:\/\/drugagimnazija.hr\/index.php?rest_route=%2Fwp%2Fv2%2Fmedia&parent=9171"}],"wp:term":[{"taxonomy":"category","embeddable":true,"href":"https:\/\/drugagimnazija.hr\/index.php?rest_route=%2Fwp%2Fv2%2Fcategories&post=9171"},{"taxonomy":"post_tag","embeddable":true,"href":"https:\/\/drugagimnazija.hr\/index.php?rest_route=%2Fwp%2Fv2%2Ftags&post=9171"}],"curies":[{"name":"wp","href":"https:\/\/api.w.org\/{rel}","templated":true}]}}