{"id":9166,"date":"2023-10-08T04:25:10","date_gmt":"2023-10-08T03:25:10","guid":{"rendered":"https:\/\/drugagimnazija.hr\/?p=9166"},"modified":"2024-06-04T17:03:32","modified_gmt":"2024-06-04T16:03:32","slug":"festival-mentalnog-zdravlja","status":"publish","type":"post","link":"https:\/\/drugagimnazija.hr\/?p=9166","title":{"rendered":"FESTIVAL MENTALNOG ZDRAVLJA"},"content":{"rendered":"\n<p>Ju\u010der su na\u0161e divne volonterke iz <a href=\"https:\/\/www.facebook.com\/II-Jezi%C4%8Dna-gimnazija-110490265639763\/?__cft__[0]=AZUhPieImXkzkLKxhGXO9_kqmHG2oEBZi3MDYZFK9TJJN4AmmftyMtff8paqz5x57S54B1j3S5H21OASnPGhRL617SCyqYJiMlwIsa_X2rzYh6HsU09T1JL7MYRJKI5x9YWY1mV72QRn5Lo51wyuDUBwFR-FQfQoWOhQSlyTOMI0d1gmuqddeum2RM1AozW9UaEx90RgRuH_UTXI2PZwJ-BW&amp;__tn__=kK-y-R\">II Jezi\u010dne gimnazij<\/a>e nakon \u0161kole dojurile na jo\u0161 jednu radnu akciju. Ju\u010der smo pripremali ovaj okvir koji \u0107e nam slu\u017eiti za fotke na festivalu. Cure su se oboru\u017eale cvije\u0107em, silikonskim pi\u0161toljima i strpljenjem. Mi smo prezadovoljni rezultatom! (Udruga Feniks)<\/p>\n\n\n\n<figure data-wp-context=\"{&quot;imageId&quot;:&quot;69f3b1df0c954&quot;}\" data-wp-interactive=\"core\/image\" data-wp-key=\"69f3b1df0c954\" class=\"wp-block-image size-full wp-lightbox-container\"><img loading=\"lazy\" decoding=\"async\" width=\"737\" height=\"362\" data-wp-class--hide=\"state.isContentHidden\" data-wp-class--show=\"state.isContentVisible\" data-wp-init=\"callbacks.setButtonStyles\" data-wp-on--click=\"actions.showLightbox\" data-wp-on--load=\"callbacks.setButtonStyles\" data-wp-on-window--resize=\"callbacks.setButtonStyles\" src=\"https:\/\/drugagimnazija.hr\/wp-content\/uploads\/2024\/01\/fest-1.png\" alt=\"\" class=\"wp-image-8718\" srcset=\"https:\/\/drugagimnazija.hr\/wp-content\/uploads\/2024\/01\/fest-1.png 737w, https:\/\/drugagimnazija.hr\/wp-content\/uploads\/2024\/01\/fest-1-300x147.png 300w\" sizes=\"auto, (max-width: 737px) 100vw, 737px\" \/><button\n\t\t\tclass=\"lightbox-trigger\"\n\t\t\ttype=\"button\"\n\t\t\taria-haspopup=\"dialog\"\n\t\t\taria-label=\"Uve\u0107aj\"\n\t\t\tdata-wp-init=\"callbacks.initTriggerButton\"\n\t\t\tdata-wp-on--click=\"actions.showLightbox\"\n\t\t\tdata-wp-style--right=\"state.imageButtonRight\"\n\t\t\tdata-wp-style--top=\"state.imageButtonTop\"\n\t\t>\n\t\t\t<svg xmlns=\"http:\/\/www.w3.org\/2000\/svg\" width=\"12\" height=\"12\" fill=\"none\" viewBox=\"0 0 12 12\">\n\t\t\t\t<path fill=\"#fff\" d=\"M2 0a2 2 0 0 0-2 2v2h1.5V2a.5.5 0 0 1 .5-.5h2V0H2Zm2 10.5H2a.5.5 0 0 1-.5-.5V8H0v2a2 2 0 0 0 2 2h2v-1.5ZM8 12v-1.5h2a.5.5 0 0 0 .5-.5V8H12v2a2 2 0 0 1-2 2H8Zm2-12a2 2 0 0 1 2 2v2h-1.5V2a.5.5 0 0 0-.5-.5H8V0h2Z\" \/>\n\t\t\t<\/svg>\n\t\t<\/button><\/figure>\n","protected":false},"excerpt":{"rendered":"<p>Ju\u010der su na\u0161e divne volonterke iz II Jezi\u010dne gimnazije nakon \u0161kole dojurile na jo\u0161 jednu radnu akciju. Ju\u010der smo pripremali [&hellip;]<\/p>\n","protected":false},"author":1,"featured_media":8718,"comment_status":"closed","ping_status":"closed","sticky":false,"template":"","format":"standard","meta":{"cybocfi_hide_featured_image":"yes","footnotes":""},"categories":[2,115],"tags":[],"class_list":["post-9166","post","type-post","status-publish","format-standard","has-post-thumbnail","hentry","category-novosti","category-podrucje-vizualnih-umjetnosti-i-dizajna--lik"],"_links":{"self":[{"href":"https:\/\/drugagimnazija.hr\/index.php?rest_route=\/wp\/v2\/posts\/9166","targetHints":{"allow":["GET"]}}],"collection":[{"href":"https:\/\/drugagimnazija.hr\/index.php?rest_route=\/wp\/v2\/posts"}],"about":[{"href":"https:\/\/drugagimnazija.hr\/index.php?rest_route=\/wp\/v2\/types\/post"}],"author":[{"embeddable":true,"href":"https:\/\/drugagimnazija.hr\/index.php?rest_route=\/wp\/v2\/users\/1"}],"replies":[{"embeddable":true,"href":"https:\/\/drugagimnazija.hr\/index.php?rest_route=%2Fwp%2Fv2%2Fcomments&post=9166"}],"version-history":[{"count":5,"href":"https:\/\/drugagimnazija.hr\/index.php?rest_route=\/wp\/v2\/posts\/9166\/revisions"}],"predecessor-version":[{"id":10580,"href":"https:\/\/drugagimnazija.hr\/index.php?rest_route=\/wp\/v2\/posts\/9166\/revisions\/10580"}],"wp:featuredmedia":[{"embeddable":true,"href":"https:\/\/drugagimnazija.hr\/index.php?rest_route=\/wp\/v2\/media\/8718"}],"wp:attachment":[{"href":"https:\/\/drugagimnazija.hr\/index.php?rest_route=%2Fwp%2Fv2%2Fmedia&parent=9166"}],"wp:term":[{"taxonomy":"category","embeddable":true,"href":"https:\/\/drugagimnazija.hr\/index.php?rest_route=%2Fwp%2Fv2%2Fcategories&post=9166"},{"taxonomy":"post_tag","embeddable":true,"href":"https:\/\/drugagimnazija.hr\/index.php?rest_route=%2Fwp%2Fv2%2Ftags&post=9166"}],"curies":[{"name":"wp","href":"https:\/\/api.w.org\/{rel}","templated":true}]}}