{"id":8989,"date":"2023-05-29T04:58:00","date_gmt":"2023-05-29T03:58:00","guid":{"rendered":"https:\/\/drugagimnazija.hr\/?p=8989"},"modified":"2024-01-27T04:59:29","modified_gmt":"2024-01-27T03:59:29","slug":"ivan-vukadinovic-opet-prvi-na-drzavnom-natjecanju-iz-geografije","status":"publish","type":"post","link":"https:\/\/drugagimnazija.hr\/?p=8989","title":{"rendered":"IVAN VUKADINOVI\u0106 OPET PRVI NA DR\u017dAVNOM NATJECANJU IZ GEOGRAFIJE"},"content":{"rendered":"\n<p>Natjecanje iz geografije u na\u0161oj \u0161koli nezamislivo je bez&nbsp;<strong>Ivana Vukadinovi\u0107a<\/strong>. U ove \u010detiri godine po drugi put osvojio je prvo mjesto, a pro\u0161le godine je na Svjetskoj geografskoj olimpijadi osvojio bron\u010danu medalju. Nadamo se da \u0107e se ostvariti Ivanova \u017eelja za sudjelovanjem na ovogodi\u0161njoj geografskoj olimpijadi u Indoneziji.<\/p>\n\n\n\n<figure class=\"wp-block-image size-full\"><img loading=\"lazy\" decoding=\"async\" width=\"1024\" height=\"768\" src=\"https:\/\/drugagimnazija.hr\/wp-content\/uploads\/2024\/01\/4C.jpg\" alt=\"\" class=\"wp-image-8744\" srcset=\"https:\/\/drugagimnazija.hr\/wp-content\/uploads\/2024\/01\/4C.jpg 1024w, https:\/\/drugagimnazija.hr\/wp-content\/uploads\/2024\/01\/4C-300x225.jpg 300w, https:\/\/drugagimnazija.hr\/wp-content\/uploads\/2024\/01\/4C-768x576.jpg 768w\" sizes=\"auto, (max-width: 1024px) 100vw, 1024px\" \/><\/figure>\n\n\n\n<p>Rezultate na Dr\u017eavnome natjecanju iz geografije 2023. godine za kategorije 4. razred gimnazije i B kategoriju srednjih strukovnih i umjetni\u010dkih \u0161kola mo\u017eete vidjeti&nbsp;<strong><a href=\"http:\/\/hagede.hr\/2023\/05\/26\/konacne-ljestvice-poretka-za-kategorije-4-razred-gimnazije-i-b-kategorija\/\">OVDJE<\/a><\/strong>!<\/p>\n\n\n\n<p>\u010cestitamo&nbsp;<strong>Ivanu<\/strong>&nbsp;i njegovoj mentorici&nbsp;<strong>Jagodi Leroti\u0107<\/strong>!<\/p>\n","protected":false},"excerpt":{"rendered":"<p>Natjecanje iz geografije u na\u0161oj \u0161koli nezamislivo je bez&nbsp;Ivana Vukadinovi\u0107a. U ove \u010detiri godine po drugi put osvojio je prvo [&hellip;]<\/p>\n","protected":false},"author":1,"featured_media":8744,"comment_status":"closed","ping_status":"closed","sticky":false,"template":"","format":"standard","meta":{"cybocfi_hide_featured_image":"yes","footnotes":""},"categories":[118,2],"tags":[],"class_list":["post-8989","post","type-post","status-publish","format-standard","has-post-thumbnail","hentry","category-geografija","category-novosti"],"_links":{"self":[{"href":"https:\/\/drugagimnazija.hr\/index.php?rest_route=\/wp\/v2\/posts\/8989","targetHints":{"allow":["GET"]}}],"collection":[{"href":"https:\/\/drugagimnazija.hr\/index.php?rest_route=\/wp\/v2\/posts"}],"about":[{"href":"https:\/\/drugagimnazija.hr\/index.php?rest_route=\/wp\/v2\/types\/post"}],"author":[{"embeddable":true,"href":"https:\/\/drugagimnazija.hr\/index.php?rest_route=\/wp\/v2\/users\/1"}],"replies":[{"embeddable":true,"href":"https:\/\/drugagimnazija.hr\/index.php?rest_route=%2Fwp%2Fv2%2Fcomments&post=8989"}],"version-history":[{"count":3,"href":"https:\/\/drugagimnazija.hr\/index.php?rest_route=\/wp\/v2\/posts\/8989\/revisions"}],"predecessor-version":[{"id":8992,"href":"https:\/\/drugagimnazija.hr\/index.php?rest_route=\/wp\/v2\/posts\/8989\/revisions\/8992"}],"wp:featuredmedia":[{"embeddable":true,"href":"https:\/\/drugagimnazija.hr\/index.php?rest_route=\/wp\/v2\/media\/8744"}],"wp:attachment":[{"href":"https:\/\/drugagimnazija.hr\/index.php?rest_route=%2Fwp%2Fv2%2Fmedia&parent=8989"}],"wp:term":[{"taxonomy":"category","embeddable":true,"href":"https:\/\/drugagimnazija.hr\/index.php?rest_route=%2Fwp%2Fv2%2Fcategories&post=8989"},{"taxonomy":"post_tag","embeddable":true,"href":"https:\/\/drugagimnazija.hr\/index.php?rest_route=%2Fwp%2Fv2%2Ftags&post=8989"}],"curies":[{"name":"wp","href":"https:\/\/api.w.org\/{rel}","templated":true}]}}