{"id":8985,"date":"2023-06-14T04:55:03","date_gmt":"2023-06-14T03:55:03","guid":{"rendered":"https:\/\/drugagimnazija.hr\/?p=8985"},"modified":"2024-01-27T04:56:31","modified_gmt":"2024-01-27T03:56:31","slug":"dva-oskara-znanja-ivanu-vukadinovicu","status":"publish","type":"post","link":"https:\/\/drugagimnazija.hr\/?p=8985","title":{"rendered":"DVA OSKARA ZNANJA IVANU VUKADINOVI\u0106U"},"content":{"rendered":"\n<p>Na sve\u010danoj dodjeli Oskara znanja u Zagrebu na\u0161em u\u010deniku&nbsp;<strong>Ivanu Vukadinovi\u0107u<\/strong>&nbsp;dodijeljena su dva&nbsp; Oskara: za osvojeno&nbsp;<em>prvo mjesto na ovogodi\u0161njem Dr\u017eavnom natjecanju iz geografije<\/em>&nbsp;i&nbsp;<em>za bron\u010danu medalju na Svjetskoj geografskoj olimpijadi 2022<\/em>.<\/p>\n\n\n\n<figure class=\"wp-block-image size-large\"><img loading=\"lazy\" decoding=\"async\" width=\"1024\" height=\"818\" src=\"https:\/\/drugagimnazija.hr\/wp-content\/uploads\/2024\/01\/ivanovi-oscari-1024x818.png\" alt=\"\" class=\"wp-image-8736\" srcset=\"https:\/\/drugagimnazija.hr\/wp-content\/uploads\/2024\/01\/ivanovi-oscari-1024x818.png 1024w, https:\/\/drugagimnazija.hr\/wp-content\/uploads\/2024\/01\/ivanovi-oscari-300x240.png 300w, https:\/\/drugagimnazija.hr\/wp-content\/uploads\/2024\/01\/ivanovi-oscari-768x613.png 768w, https:\/\/drugagimnazija.hr\/wp-content\/uploads\/2024\/01\/ivanovi-oscari.png 1052w\" sizes=\"auto, (max-width: 1024px) 100vw, 1024px\" \/><\/figure>\n\n\n\n<p>\u010cestitke Ivanu i njegovoj mentorici, prof.&nbsp;<strong>Jagodi Leroti\u0107<\/strong>!<\/p>\n\n\n\n<p>Kao \u0161to je poznato, Oskar znanja, najve\u0107e je &nbsp;i najpresti\u017enije priznanje u\u010denicima u Hrvatskoj za postignute vrhunske rezultate na dr\u017eavnim i me\u0111unarodnim natjecanjima<\/p>\n","protected":false},"excerpt":{"rendered":"<p>Na sve\u010danoj dodjeli Oskara znanja u Zagrebu na\u0161em u\u010deniku&nbsp;Ivanu Vukadinovi\u0107u&nbsp;dodijeljena su dva&nbsp; Oskara: za osvojeno&nbsp;prvo mjesto na ovogodi\u0161njem Dr\u017eavnom natjecanju [&hellip;]<\/p>\n","protected":false},"author":1,"featured_media":8736,"comment_status":"closed","ping_status":"closed","sticky":false,"template":"","format":"standard","meta":{"cybocfi_hide_featured_image":"yes","footnotes":""},"categories":[118,2],"tags":[],"class_list":["post-8985","post","type-post","status-publish","format-standard","has-post-thumbnail","hentry","category-geografija","category-novosti"],"_links":{"self":[{"href":"https:\/\/drugagimnazija.hr\/index.php?rest_route=\/wp\/v2\/posts\/8985","targetHints":{"allow":["GET"]}}],"collection":[{"href":"https:\/\/drugagimnazija.hr\/index.php?rest_route=\/wp\/v2\/posts"}],"about":[{"href":"https:\/\/drugagimnazija.hr\/index.php?rest_route=\/wp\/v2\/types\/post"}],"author":[{"embeddable":true,"href":"https:\/\/drugagimnazija.hr\/index.php?rest_route=\/wp\/v2\/users\/1"}],"replies":[{"embeddable":true,"href":"https:\/\/drugagimnazija.hr\/index.php?rest_route=%2Fwp%2Fv2%2Fcomments&post=8985"}],"version-history":[{"count":3,"href":"https:\/\/drugagimnazija.hr\/index.php?rest_route=\/wp\/v2\/posts\/8985\/revisions"}],"predecessor-version":[{"id":8988,"href":"https:\/\/drugagimnazija.hr\/index.php?rest_route=\/wp\/v2\/posts\/8985\/revisions\/8988"}],"wp:featuredmedia":[{"embeddable":true,"href":"https:\/\/drugagimnazija.hr\/index.php?rest_route=\/wp\/v2\/media\/8736"}],"wp:attachment":[{"href":"https:\/\/drugagimnazija.hr\/index.php?rest_route=%2Fwp%2Fv2%2Fmedia&parent=8985"}],"wp:term":[{"taxonomy":"category","embeddable":true,"href":"https:\/\/drugagimnazija.hr\/index.php?rest_route=%2Fwp%2Fv2%2Fcategories&post=8985"},{"taxonomy":"post_tag","embeddable":true,"href":"https:\/\/drugagimnazija.hr\/index.php?rest_route=%2Fwp%2Fv2%2Ftags&post=8985"}],"curies":[{"name":"wp","href":"https:\/\/api.w.org\/{rel}","templated":true}]}}