{"id":8964,"date":"2023-04-27T04:36:16","date_gmt":"2023-04-27T03:36:16","guid":{"rendered":"https:\/\/drugagimnazija.hr\/?p=8964"},"modified":"2024-01-30T04:39:31","modified_gmt":"2024-01-30T03:39:31","slug":"pcele-u-sluzbi-zivota","status":"publish","type":"post","link":"https:\/\/drugagimnazija.hr\/?p=8964","title":{"rendered":"P\u010cELE U SLU\u017dBI \u017dIVOTA"},"content":{"rendered":"\n<p>Kao \u0161to je objavljeno u programu ovogodi\u0161njeg Festivala znanosti u \u0161kolskoj knji\u017enici II gimnazije na\u0161 maturant&nbsp;<strong>Frane Skoko<\/strong>, u\u010denik 4. b razreda, odr\u017eao je predavanje &#8220;P\u010dele u slu\u017ebi \u017eivota&#8221; u sklopu Festivala znanosti. Frane je odli\u010dnim predavanjem zainteresirao prisutne u\u010denike te ih potaknuo na razmi\u0161ljanje o doprinosu p\u010dela zajednici, va\u017enosti njihove za\u0161tite i o\u010duvanju bioraznolikosti i za\u0161titi prirode. Podsje\u0107amo da i &nbsp;izlo\u017ebu fotografija&nbsp;<em>Priroda i dru\u0161tvo<\/em>&nbsp;mo\u017eete pogledati u atriju \u0161kole do kraja tjedna.<\/p>\n\n\n\n<figure class=\"wp-block-gallery has-nested-images columns-default is-cropped wp-block-gallery-1 is-layout-flex wp-block-gallery-is-layout-flex\">\n<figure data-wp-context=\"{&quot;imageId&quot;:&quot;69f3b18c31b69&quot;}\" data-wp-interactive=\"core\/image\" data-wp-key=\"69f3b18c31b69\" class=\"wp-block-image size-large wp-lightbox-container\"><img loading=\"lazy\" decoding=\"async\" width=\"439\" height=\"738\" data-wp-class--hide=\"state.isContentHidden\" data-wp-class--show=\"state.isContentVisible\" data-wp-init=\"callbacks.setButtonStyles\" data-wp-on--click=\"actions.showLightbox\" data-wp-on--load=\"callbacks.setButtonStyles\" data-wp-on-window--resize=\"callbacks.setButtonStyles\" data-id=\"8751\" src=\"https:\/\/drugagimnazija.hr\/wp-content\/uploads\/2024\/01\/frane-skoko.png\" alt=\"\" class=\"wp-image-8751\" srcset=\"https:\/\/drugagimnazija.hr\/wp-content\/uploads\/2024\/01\/frane-skoko.png 439w, https:\/\/drugagimnazija.hr\/wp-content\/uploads\/2024\/01\/frane-skoko-178x300.png 178w\" sizes=\"auto, (max-width: 439px) 100vw, 439px\" \/><button\n\t\t\tclass=\"lightbox-trigger\"\n\t\t\ttype=\"button\"\n\t\t\taria-haspopup=\"dialog\"\n\t\t\taria-label=\"Uve\u0107aj\"\n\t\t\tdata-wp-init=\"callbacks.initTriggerButton\"\n\t\t\tdata-wp-on--click=\"actions.showLightbox\"\n\t\t\tdata-wp-style--right=\"state.imageButtonRight\"\n\t\t\tdata-wp-style--top=\"state.imageButtonTop\"\n\t\t>\n\t\t\t<svg xmlns=\"http:\/\/www.w3.org\/2000\/svg\" width=\"12\" height=\"12\" fill=\"none\" viewBox=\"0 0 12 12\">\n\t\t\t\t<path fill=\"#fff\" d=\"M2 0a2 2 0 0 0-2 2v2h1.5V2a.5.5 0 0 1 .5-.5h2V0H2Zm2 10.5H2a.5.5 0 0 1-.5-.5V8H0v2a2 2 0 0 0 2 2h2v-1.5ZM8 12v-1.5h2a.5.5 0 0 0 .5-.5V8H12v2a2 2 0 0 1-2 2H8Zm2-12a2 2 0 0 1 2 2v2h-1.5V2a.5.5 0 0 0-.5-.5H8V0h2Z\" \/>\n\t\t\t<\/svg>\n\t\t<\/button><\/figure>\n\n\n\n<figure data-wp-context=\"{&quot;imageId&quot;:&quot;69f3b18c32006&quot;}\" data-wp-interactive=\"core\/image\" data-wp-key=\"69f3b18c32006\" class=\"wp-block-image size-large wp-lightbox-container\"><img loading=\"lazy\" decoding=\"async\" width=\"1024\" height=\"768\" data-wp-class--hide=\"state.isContentHidden\" data-wp-class--show=\"state.isContentVisible\" data-wp-init=\"callbacks.setButtonStyles\" data-wp-on--click=\"actions.showLightbox\" data-wp-on--load=\"callbacks.setButtonStyles\" data-wp-on-window--resize=\"callbacks.setButtonStyles\" data-id=\"8973\" src=\"https:\/\/drugagimnazija.hr\/wp-content\/uploads\/2023\/04\/IMG-20230426-WA0003-1024x768.jpg\" alt=\"\" class=\"wp-image-8973\" srcset=\"https:\/\/drugagimnazija.hr\/wp-content\/uploads\/2023\/04\/IMG-20230426-WA0003-1024x768.jpg 1024w, https:\/\/drugagimnazija.hr\/wp-content\/uploads\/2023\/04\/IMG-20230426-WA0003-300x225.jpg 300w, https:\/\/drugagimnazija.hr\/wp-content\/uploads\/2023\/04\/IMG-20230426-WA0003-768x576.jpg 768w, https:\/\/drugagimnazija.hr\/wp-content\/uploads\/2023\/04\/IMG-20230426-WA0003-1536x1152.jpg 1536w, https:\/\/drugagimnazija.hr\/wp-content\/uploads\/2023\/04\/IMG-20230426-WA0003.jpg 1600w\" sizes=\"auto, (max-width: 1024px) 100vw, 1024px\" \/><button\n\t\t\tclass=\"lightbox-trigger\"\n\t\t\ttype=\"button\"\n\t\t\taria-haspopup=\"dialog\"\n\t\t\taria-label=\"Uve\u0107aj\"\n\t\t\tdata-wp-init=\"callbacks.initTriggerButton\"\n\t\t\tdata-wp-on--click=\"actions.showLightbox\"\n\t\t\tdata-wp-style--right=\"state.imageButtonRight\"\n\t\t\tdata-wp-style--top=\"state.imageButtonTop\"\n\t\t>\n\t\t\t<svg xmlns=\"http:\/\/www.w3.org\/2000\/svg\" width=\"12\" height=\"12\" fill=\"none\" viewBox=\"0 0 12 12\">\n\t\t\t\t<path fill=\"#fff\" d=\"M2 0a2 2 0 0 0-2 2v2h1.5V2a.5.5 0 0 1 .5-.5h2V0H2Zm2 10.5H2a.5.5 0 0 1-.5-.5V8H0v2a2 2 0 0 0 2 2h2v-1.5ZM8 12v-1.5h2a.5.5 0 0 0 .5-.5V8H12v2a2 2 0 0 1-2 2H8Zm2-12a2 2 0 0 1 2 2v2h-1.5V2a.5.5 0 0 0-.5-.5H8V0h2Z\" \/>\n\t\t\t<\/svg>\n\t\t<\/button><\/figure>\n\n\n\n<figure data-wp-context=\"{&quot;imageId&quot;:&quot;69f3b18c32eb2&quot;}\" data-wp-interactive=\"core\/image\" data-wp-key=\"69f3b18c32eb2\" class=\"wp-block-image size-large wp-lightbox-container\"><img loading=\"lazy\" decoding=\"async\" width=\"1024\" height=\"768\" data-wp-class--hide=\"state.isContentHidden\" data-wp-class--show=\"state.isContentVisible\" data-wp-init=\"callbacks.setButtonStyles\" data-wp-on--click=\"actions.showLightbox\" data-wp-on--load=\"callbacks.setButtonStyles\" data-wp-on-window--resize=\"callbacks.setButtonStyles\" data-id=\"8972\" src=\"https:\/\/drugagimnazija.hr\/wp-content\/uploads\/2023\/04\/IMG-20230427-WA0000-1024x768.jpg\" alt=\"\" class=\"wp-image-8972\" srcset=\"https:\/\/drugagimnazija.hr\/wp-content\/uploads\/2023\/04\/IMG-20230427-WA0000-1024x768.jpg 1024w, https:\/\/drugagimnazija.hr\/wp-content\/uploads\/2023\/04\/IMG-20230427-WA0000-300x225.jpg 300w, https:\/\/drugagimnazija.hr\/wp-content\/uploads\/2023\/04\/IMG-20230427-WA0000-768x576.jpg 768w, https:\/\/drugagimnazija.hr\/wp-content\/uploads\/2023\/04\/IMG-20230427-WA0000-1536x1152.jpg 1536w, https:\/\/drugagimnazija.hr\/wp-content\/uploads\/2023\/04\/IMG-20230427-WA0000.jpg 1600w\" sizes=\"auto, (max-width: 1024px) 100vw, 1024px\" \/><button\n\t\t\tclass=\"lightbox-trigger\"\n\t\t\ttype=\"button\"\n\t\t\taria-haspopup=\"dialog\"\n\t\t\taria-label=\"Uve\u0107aj\"\n\t\t\tdata-wp-init=\"callbacks.initTriggerButton\"\n\t\t\tdata-wp-on--click=\"actions.showLightbox\"\n\t\t\tdata-wp-style--right=\"state.imageButtonRight\"\n\t\t\tdata-wp-style--top=\"state.imageButtonTop\"\n\t\t>\n\t\t\t<svg xmlns=\"http:\/\/www.w3.org\/2000\/svg\" width=\"12\" height=\"12\" fill=\"none\" viewBox=\"0 0 12 12\">\n\t\t\t\t<path fill=\"#fff\" d=\"M2 0a2 2 0 0 0-2 2v2h1.5V2a.5.5 0 0 1 .5-.5h2V0H2Zm2 10.5H2a.5.5 0 0 1-.5-.5V8H0v2a2 2 0 0 0 2 2h2v-1.5ZM8 12v-1.5h2a.5.5 0 0 0 .5-.5V8H12v2a2 2 0 0 1-2 2H8Zm2-12a2 2 0 0 1 2 2v2h-1.5V2a.5.5 0 0 0-.5-.5H8V0h2Z\" \/>\n\t\t\t<\/svg>\n\t\t<\/button><\/figure>\n<\/figure>\n","protected":false},"excerpt":{"rendered":"<p>Kao \u0161to je objavljeno u programu ovogodi\u0161njeg Festivala znanosti u \u0161kolskoj knji\u017enici II gimnazije na\u0161 maturant&nbsp;Frane Skoko, u\u010denik 4. b [&hellip;]<\/p>\n","protected":false},"author":1,"featured_media":8751,"comment_status":"closed","ping_status":"closed","sticky":false,"template":"","format":"standard","meta":{"cybocfi_hide_featured_image":"yes","footnotes":""},"categories":[116,2],"tags":[],"class_list":["post-8964","post","type-post","status-publish","format-standard","has-post-thumbnail","hentry","category-festival-znanosti","category-novosti"],"_links":{"self":[{"href":"https:\/\/drugagimnazija.hr\/index.php?rest_route=\/wp\/v2\/posts\/8964","targetHints":{"allow":["GET"]}}],"collection":[{"href":"https:\/\/drugagimnazija.hr\/index.php?rest_route=\/wp\/v2\/posts"}],"about":[{"href":"https:\/\/drugagimnazija.hr\/index.php?rest_route=\/wp\/v2\/types\/post"}],"author":[{"embeddable":true,"href":"https:\/\/drugagimnazija.hr\/index.php?rest_route=\/wp\/v2\/users\/1"}],"replies":[{"embeddable":true,"href":"https:\/\/drugagimnazija.hr\/index.php?rest_route=%2Fwp%2Fv2%2Fcomments&post=8964"}],"version-history":[{"count":5,"href":"https:\/\/drugagimnazija.hr\/index.php?rest_route=\/wp\/v2\/posts\/8964\/revisions"}],"predecessor-version":[{"id":9340,"href":"https:\/\/drugagimnazija.hr\/index.php?rest_route=\/wp\/v2\/posts\/8964\/revisions\/9340"}],"wp:featuredmedia":[{"embeddable":true,"href":"https:\/\/drugagimnazija.hr\/index.php?rest_route=\/wp\/v2\/media\/8751"}],"wp:attachment":[{"href":"https:\/\/drugagimnazija.hr\/index.php?rest_route=%2Fwp%2Fv2%2Fmedia&parent=8964"}],"wp:term":[{"taxonomy":"category","embeddable":true,"href":"https:\/\/drugagimnazija.hr\/index.php?rest_route=%2Fwp%2Fv2%2Fcategories&post=8964"},{"taxonomy":"post_tag","embeddable":true,"href":"https:\/\/drugagimnazija.hr\/index.php?rest_route=%2Fwp%2Fv2%2Ftags&post=8964"}],"curies":[{"name":"wp","href":"https:\/\/api.w.org\/{rel}","templated":true}]}}