{"id":8948,"date":"2023-04-26T03:57:00","date_gmt":"2023-04-26T02:57:00","guid":{"rendered":"https:\/\/drugagimnazija.hr\/?p=8948"},"modified":"2024-01-27T22:28:22","modified_gmt":"2024-01-27T21:28:22","slug":"a-di-si-ti-16-prosinca-2023","status":"publish","type":"post","link":"https:\/\/drugagimnazija.hr\/?p=8948","title":{"rendered":"MATEMATIKA U ARHITEKTURI"},"content":{"rendered":"\n<p><em>Matemati\u010dko prolje\u0107e<\/em>\u00a0u na\u0161oj \u0161koli zavr\u0161ilo je 17. travnja temom\u00a0<strong><em>Matematika u arhitekturi<\/em><\/strong>. Zaljubljenice u arhitekturu, u\u010denice\u00a0\u00a0<strong>Ivka \u017divkovi\u0107 Kulji\u0161<\/strong>\u00a0iz 4.d i\u00a0<strong>Antea Belas<\/strong>\u00a0iz 4.a, \u00a0pod mentorstvom prof. Sanje Vitalji\u0107, prikazale su nam \u010darobni svijet umjetnosti i arhitekture u neraskidivoj povezanosti s matematikom. \u00a0Svojim na\u010dinom izlaganja u potpunosti su nas uvjerile u istinitost re\u010denice: \u02ddMatematika je jezik koji omogu\u0107uje komunikaciju izme\u0111u ljudskih potreba i stvaranja arhitekture\u02dd.<\/p>\n\n\n\n<figure class=\"wp-block-image size-full\"><img loading=\"lazy\" decoding=\"async\" width=\"760\" height=\"724\" src=\"https:\/\/drugagimnazija.hr\/wp-content\/uploads\/2024\/01\/arhmm.jpg\" alt=\"\" class=\"wp-image-9087\" srcset=\"https:\/\/drugagimnazija.hr\/wp-content\/uploads\/2024\/01\/arhmm.jpg 760w, https:\/\/drugagimnazija.hr\/wp-content\/uploads\/2024\/01\/arhmm-300x286.jpg 300w\" sizes=\"auto, (max-width: 760px) 100vw, 760px\" \/><\/figure>\n","protected":false},"excerpt":{"rendered":"<p>Matemati\u010dko prolje\u0107e\u00a0u na\u0161oj \u0161koli zavr\u0161ilo je 17. travnja temom\u00a0Matematika u arhitekturi. Zaljubljenice u arhitekturu, u\u010denice\u00a0\u00a0Ivka \u017divkovi\u0107 Kulji\u0161\u00a0iz 4.d i\u00a0Antea Belas\u00a0iz [&hellip;]<\/p>\n","protected":false},"author":1,"featured_media":8754,"comment_status":"closed","ping_status":"closed","sticky":false,"template":"","format":"image","meta":{"cybocfi_hide_featured_image":"yes","footnotes":""},"categories":[119,2],"tags":[],"class_list":["post-8948","post","type-post","status-publish","format-image","has-post-thumbnail","hentry","category-matematika","category-novosti","post_format-post-format-image"],"_links":{"self":[{"href":"https:\/\/drugagimnazija.hr\/index.php?rest_route=\/wp\/v2\/posts\/8948","targetHints":{"allow":["GET"]}}],"collection":[{"href":"https:\/\/drugagimnazija.hr\/index.php?rest_route=\/wp\/v2\/posts"}],"about":[{"href":"https:\/\/drugagimnazija.hr\/index.php?rest_route=\/wp\/v2\/types\/post"}],"author":[{"embeddable":true,"href":"https:\/\/drugagimnazija.hr\/index.php?rest_route=\/wp\/v2\/users\/1"}],"replies":[{"embeddable":true,"href":"https:\/\/drugagimnazija.hr\/index.php?rest_route=%2Fwp%2Fv2%2Fcomments&post=8948"}],"version-history":[{"count":5,"href":"https:\/\/drugagimnazija.hr\/index.php?rest_route=\/wp\/v2\/posts\/8948\/revisions"}],"predecessor-version":[{"id":9089,"href":"https:\/\/drugagimnazija.hr\/index.php?rest_route=\/wp\/v2\/posts\/8948\/revisions\/9089"}],"wp:featuredmedia":[{"embeddable":true,"href":"https:\/\/drugagimnazija.hr\/index.php?rest_route=\/wp\/v2\/media\/8754"}],"wp:attachment":[{"href":"https:\/\/drugagimnazija.hr\/index.php?rest_route=%2Fwp%2Fv2%2Fmedia&parent=8948"}],"wp:term":[{"taxonomy":"category","embeddable":true,"href":"https:\/\/drugagimnazija.hr\/index.php?rest_route=%2Fwp%2Fv2%2Fcategories&post=8948"},{"taxonomy":"post_tag","embeddable":true,"href":"https:\/\/drugagimnazija.hr\/index.php?rest_route=%2Fwp%2Fv2%2Ftags&post=8948"}],"curies":[{"name":"wp","href":"https:\/\/api.w.org\/{rel}","templated":true}]}}