{"id":8896,"date":"2023-10-03T00:14:33","date_gmt":"2023-10-02T23:14:33","guid":{"rendered":"https:\/\/drugagimnazija.hr\/?p=8896"},"modified":"2024-01-27T00:19:09","modified_gmt":"2024-01-26T23:19:09","slug":"dan-s-bibliobusom-gkmm","status":"publish","type":"post","link":"https:\/\/drugagimnazija.hr\/?p=8896","title":{"rendered":"DAN S BIBLIOBUSOM GKMM"},"content":{"rendered":"\n<p>Dan s bibliobusom Gradske knji\u017enice Marka Maruli\u0107a za na\u0161e je u\u010denice Franciku Burazer Turko i Anu \u010caljku\u0161i\u0107 (4. D) te njihovu mentoricu Magdalenu Mr\u010dela zna\u010dio potpuno novo \u010ditateljsko i novinarsko iskustvo. <img loading=\"lazy\" decoding=\"async\" height=\"16\" width=\"16\" src=\"https:\/\/static.xx.fbcdn.net\/images\/emoji.php\/v9\/t79\/1\/16\/1f68c.png\" alt=\"?\"><img loading=\"lazy\" decoding=\"async\" height=\"16\" width=\"16\" src=\"https:\/\/static.xx.fbcdn.net\/images\/emoji.php\/v9\/t9e\/1\/16\/1f4d6.png\" alt=\"?\"><img loading=\"lazy\" decoding=\"async\" height=\"16\" width=\"16\" src=\"https:\/\/static.xx.fbcdn.net\/images\/emoji.php\/v9\/tfb\/1\/16\/263a.png\" alt=\"\u263a\ufe0f\"> \u0160to su vidjele i snimile na relaciji Rado\u0161i\u0107-Br\u0161tanovo-Dicmo pogledajte u izvrsnoj reporta\u017ei Nene Vakantea (4. D)<\/p>\n\n\n\n<figure class=\"wp-block-embed is-type-video is-provider-youtube wp-block-embed-youtube wp-embed-aspect-16-9 wp-has-aspect-ratio\"><div class=\"wp-block-embed__wrapper\">\n<iframe loading=\"lazy\" title=\"Dan s bibliobusom Gradske knji\u017enice Marka Maruli\u0107a - II. gimnazija, Split\" width=\"1150\" height=\"647\" src=\"https:\/\/www.youtube.com\/embed\/qrBn347iZvs?feature=oembed\" frameborder=\"0\" allow=\"accelerometer; autoplay; clipboard-write; encrypted-media; gyroscope; picture-in-picture; web-share\" allowfullscreen><\/iframe>\n<\/div><\/figure>\n","protected":false},"excerpt":{"rendered":"<p>Dan s bibliobusom Gradske knji\u017enice Marka Maruli\u0107a za na\u0161e je u\u010denice Franciku Burazer Turko i Anu \u010caljku\u0161i\u0107 (4. D) te [&hellip;]<\/p>\n","protected":false},"author":1,"featured_media":8900,"comment_status":"closed","ping_status":"closed","sticky":false,"template":"","format":"standard","meta":{"cybocfi_hide_featured_image":"yes","footnotes":""},"categories":[109,2],"tags":[],"class_list":["post-8896","post","type-post","status-publish","format-standard","has-post-thumbnail","hentry","category-hrvatski","category-novosti"],"_links":{"self":[{"href":"https:\/\/drugagimnazija.hr\/index.php?rest_route=\/wp\/v2\/posts\/8896","targetHints":{"allow":["GET"]}}],"collection":[{"href":"https:\/\/drugagimnazija.hr\/index.php?rest_route=\/wp\/v2\/posts"}],"about":[{"href":"https:\/\/drugagimnazija.hr\/index.php?rest_route=\/wp\/v2\/types\/post"}],"author":[{"embeddable":true,"href":"https:\/\/drugagimnazija.hr\/index.php?rest_route=\/wp\/v2\/users\/1"}],"replies":[{"embeddable":true,"href":"https:\/\/drugagimnazija.hr\/index.php?rest_route=%2Fwp%2Fv2%2Fcomments&post=8896"}],"version-history":[{"count":4,"href":"https:\/\/drugagimnazija.hr\/index.php?rest_route=\/wp\/v2\/posts\/8896\/revisions"}],"predecessor-version":[{"id":8901,"href":"https:\/\/drugagimnazija.hr\/index.php?rest_route=\/wp\/v2\/posts\/8896\/revisions\/8901"}],"wp:featuredmedia":[{"embeddable":true,"href":"https:\/\/drugagimnazija.hr\/index.php?rest_route=\/wp\/v2\/media\/8900"}],"wp:attachment":[{"href":"https:\/\/drugagimnazija.hr\/index.php?rest_route=%2Fwp%2Fv2%2Fmedia&parent=8896"}],"wp:term":[{"taxonomy":"category","embeddable":true,"href":"https:\/\/drugagimnazija.hr\/index.php?rest_route=%2Fwp%2Fv2%2Fcategories&post=8896"},{"taxonomy":"post_tag","embeddable":true,"href":"https:\/\/drugagimnazija.hr\/index.php?rest_route=%2Fwp%2Fv2%2Ftags&post=8896"}],"curies":[{"name":"wp","href":"https:\/\/api.w.org\/{rel}","templated":true}]}}