{"id":8892,"date":"2023-07-09T00:12:00","date_gmt":"2023-07-08T23:12:00","guid":{"rendered":"https:\/\/drugagimnazija.hr\/?p=8892"},"modified":"2024-01-27T00:13:36","modified_gmt":"2024-01-26T23:13:36","slug":"jos-jedan-oskar-izvrsnosti-skolskom-timu-cimaj","status":"publish","type":"post","link":"https:\/\/drugagimnazija.hr\/?p=8892","title":{"rendered":"JO\u0160 JEDAN OSKAR IZVRSNOSTI \u0160KOLSKOM TIMU CIMAJ"},"content":{"rendered":"\n<p>Ponosni smo \u0161to i ove godine na\u0161 tim CIMAJ pri Centru izvrsnosti u II. gimnaziju nosi Oskar izvrsnosti. Hvala svim u\u010denicama koje su pod vodstvom prof.&nbsp;<strong>Magdalene Mr\u010dela<\/strong>&nbsp;i&nbsp;<strong>Eme Bodro\u017ei\u0107-Selak<\/strong>&nbsp;sudjelovale u projektu&nbsp;<em><strong>SveSTrani<\/strong><\/em>. Vjerujemo da smo kroz svoje vijesti, reporta\u017ee, intervjue, filmove i posebno kroz<\/p>\n\n\n\n<figure class=\"wp-block-image size-large\"><img loading=\"lazy\" decoding=\"async\" width=\"1024\" height=\"768\" src=\"https:\/\/drugagimnazija.hr\/wp-content\/uploads\/2024\/01\/cimaj-1024x768.jpg\" alt=\"\" class=\"wp-image-8741\" srcset=\"https:\/\/drugagimnazija.hr\/wp-content\/uploads\/2024\/01\/cimaj-1024x768.jpg 1024w, https:\/\/drugagimnazija.hr\/wp-content\/uploads\/2024\/01\/cimaj-300x225.jpg 300w, https:\/\/drugagimnazija.hr\/wp-content\/uploads\/2024\/01\/cimaj-768x576.jpg 768w, https:\/\/drugagimnazija.hr\/wp-content\/uploads\/2024\/01\/cimaj-1536x1152.jpg 1536w, https:\/\/drugagimnazija.hr\/wp-content\/uploads\/2024\/01\/cimaj.jpg 2048w\" sizes=\"auto, (max-width: 1024px) 100vw, 1024px\" \/><\/figure>\n\n\n\n<p>nagra\u0111eni podcast (rad&nbsp;<strong>Mije Milkovi\u0107<\/strong>&nbsp;i&nbsp;<strong>Ane \u017darkovi\u0107<\/strong>) pokazali sjajan napredak i promicanje va\u017enih tema iz podru\u010dja kulture, obrazovanja, sporta i mentalnog zdravlja. Ipak, nezanemariv broj ve\u0107 sad profesionalnih i zaposlenih novinara i reportera me\u0111u na\u0161im u\u010denicima najbolje svjedo\u010di o kvaliteti koja je prepoznata i izvan okvira na\u0161e \u0161kole i Centra izvrsnosti.<\/p>\n","protected":false},"excerpt":{"rendered":"<p>Ponosni smo \u0161to i ove godine na\u0161 tim CIMAJ pri Centru izvrsnosti u II. gimnaziju nosi Oskar izvrsnosti. Hvala svim [&hellip;]<\/p>\n","protected":false},"author":1,"featured_media":8741,"comment_status":"closed","ping_status":"closed","sticky":false,"template":"","format":"standard","meta":{"cybocfi_hide_featured_image":"yes","footnotes":""},"categories":[109,2],"tags":[],"class_list":["post-8892","post","type-post","status-publish","format-standard","has-post-thumbnail","hentry","category-hrvatski","category-novosti"],"_links":{"self":[{"href":"https:\/\/drugagimnazija.hr\/index.php?rest_route=\/wp\/v2\/posts\/8892","targetHints":{"allow":["GET"]}}],"collection":[{"href":"https:\/\/drugagimnazija.hr\/index.php?rest_route=\/wp\/v2\/posts"}],"about":[{"href":"https:\/\/drugagimnazija.hr\/index.php?rest_route=\/wp\/v2\/types\/post"}],"author":[{"embeddable":true,"href":"https:\/\/drugagimnazija.hr\/index.php?rest_route=\/wp\/v2\/users\/1"}],"replies":[{"embeddable":true,"href":"https:\/\/drugagimnazija.hr\/index.php?rest_route=%2Fwp%2Fv2%2Fcomments&post=8892"}],"version-history":[{"count":3,"href":"https:\/\/drugagimnazija.hr\/index.php?rest_route=\/wp\/v2\/posts\/8892\/revisions"}],"predecessor-version":[{"id":8895,"href":"https:\/\/drugagimnazija.hr\/index.php?rest_route=\/wp\/v2\/posts\/8892\/revisions\/8895"}],"wp:featuredmedia":[{"embeddable":true,"href":"https:\/\/drugagimnazija.hr\/index.php?rest_route=\/wp\/v2\/media\/8741"}],"wp:attachment":[{"href":"https:\/\/drugagimnazija.hr\/index.php?rest_route=%2Fwp%2Fv2%2Fmedia&parent=8892"}],"wp:term":[{"taxonomy":"category","embeddable":true,"href":"https:\/\/drugagimnazija.hr\/index.php?rest_route=%2Fwp%2Fv2%2Fcategories&post=8892"},{"taxonomy":"post_tag","embeddable":true,"href":"https:\/\/drugagimnazija.hr\/index.php?rest_route=%2Fwp%2Fv2%2Ftags&post=8892"}],"curies":[{"name":"wp","href":"https:\/\/api.w.org\/{rel}","templated":true}]}}