{"id":8888,"date":"2023-07-18T00:08:11","date_gmt":"2023-07-17T23:08:11","guid":{"rendered":"https:\/\/drugagimnazija.hr\/?p=8888"},"modified":"2024-01-30T04:31:31","modified_gmt":"2024-01-30T03:31:31","slug":"roko-karaman-u-zborniku-poezitiva","status":"publish","type":"post","link":"https:\/\/drugagimnazija.hr\/?p=8888","title":{"rendered":"ROKO KARAMAN U ZBORNIKU PO(E)ZITIVA"},"content":{"rendered":"\n<p>Na ovogodi\u0161njem natje\u010daju&nbsp;<em>Po(e)zitiva&nbsp;<\/em>za najbolje srednjo\u0161kolske pjesnike u Republici Hrvatskoj sudjelovao je i na\u0161&nbsp;<strong>Roko Karaman<\/strong>&nbsp;(4.e) pod mentorstvom profesorice&nbsp;<strong>Ive Poli\u0107<\/strong>. Me\u0111u desetcima pjesama pristiglih na natje\u010daj odabrano je ukupno dvadeset pjesama za zbornik, a me\u0111u njima i Rokova pjesma&nbsp;<a href=\"http:\/\/gimnazija-druga-st.skole.hr\/upload\/gimnazija-druga-st\/images\/newsimg\/1225\/File\/Po(e)zitiva%20-%20Roko%20Karaman.pdf\" class=\"mtli_attachment mtli_pdf\"><em><strong>Prekasno<\/strong><\/em><\/a>.<\/p>\n\n\n\n<figure class=\"wp-block-image size-full\"><img loading=\"lazy\" decoding=\"async\" width=\"544\" height=\"333\" src=\"https:\/\/drugagimnazija.hr\/wp-content\/uploads\/2024\/01\/roko.png\" alt=\"\" class=\"wp-image-8733\" srcset=\"https:\/\/drugagimnazija.hr\/wp-content\/uploads\/2024\/01\/roko.png 544w, https:\/\/drugagimnazija.hr\/wp-content\/uploads\/2024\/01\/roko-300x184.png 300w\" sizes=\"auto, (max-width: 544px) 100vw, 544px\" \/><\/figure>\n\n\n\n<p>Veselimo se objavljivanju Rokove pjesme i \u010destitamo mu na izvrsnom uspjehu!<\/p>\n","protected":false},"excerpt":{"rendered":"<p>Na ovogodi\u0161njem natje\u010daju&nbsp;Po(e)zitiva&nbsp;za najbolje srednjo\u0161kolske pjesnike u Republici Hrvatskoj sudjelovao je i na\u0161&nbsp;Roko Karaman&nbsp;(4.e) pod mentorstvom profesorice&nbsp;Ive Poli\u0107. Me\u0111u desetcima [&hellip;]<\/p>\n","protected":false},"author":1,"featured_media":8733,"comment_status":"closed","ping_status":"closed","sticky":false,"template":"","format":"standard","meta":{"cybocfi_hide_featured_image":"yes","footnotes":""},"categories":[109,2],"tags":[],"class_list":["post-8888","post","type-post","status-publish","format-standard","has-post-thumbnail","hentry","category-hrvatski","category-novosti"],"_links":{"self":[{"href":"https:\/\/drugagimnazija.hr\/index.php?rest_route=\/wp\/v2\/posts\/8888","targetHints":{"allow":["GET"]}}],"collection":[{"href":"https:\/\/drugagimnazija.hr\/index.php?rest_route=\/wp\/v2\/posts"}],"about":[{"href":"https:\/\/drugagimnazija.hr\/index.php?rest_route=\/wp\/v2\/types\/post"}],"author":[{"embeddable":true,"href":"https:\/\/drugagimnazija.hr\/index.php?rest_route=\/wp\/v2\/users\/1"}],"replies":[{"embeddable":true,"href":"https:\/\/drugagimnazija.hr\/index.php?rest_route=%2Fwp%2Fv2%2Fcomments&post=8888"}],"version-history":[{"count":4,"href":"https:\/\/drugagimnazija.hr\/index.php?rest_route=\/wp\/v2\/posts\/8888\/revisions"}],"predecessor-version":[{"id":9333,"href":"https:\/\/drugagimnazija.hr\/index.php?rest_route=\/wp\/v2\/posts\/8888\/revisions\/9333"}],"wp:featuredmedia":[{"embeddable":true,"href":"https:\/\/drugagimnazija.hr\/index.php?rest_route=\/wp\/v2\/media\/8733"}],"wp:attachment":[{"href":"https:\/\/drugagimnazija.hr\/index.php?rest_route=%2Fwp%2Fv2%2Fmedia&parent=8888"}],"wp:term":[{"taxonomy":"category","embeddable":true,"href":"https:\/\/drugagimnazija.hr\/index.php?rest_route=%2Fwp%2Fv2%2Fcategories&post=8888"},{"taxonomy":"post_tag","embeddable":true,"href":"https:\/\/drugagimnazija.hr\/index.php?rest_route=%2Fwp%2Fv2%2Ftags&post=8888"}],"curies":[{"name":"wp","href":"https:\/\/api.w.org\/{rel}","templated":true}]}}