{"id":8883,"date":"2023-10-09T00:04:19","date_gmt":"2023-10-08T23:04:19","guid":{"rendered":"https:\/\/drugagimnazija.hr\/?p=8883"},"modified":"2024-01-30T04:24:40","modified_gmt":"2024-01-30T03:24:40","slug":"tjedan-zabranjenih-knjiga-u-2-gimnaziji","status":"publish","type":"post","link":"https:\/\/drugagimnazija.hr\/?p=8883","title":{"rendered":"TJEDAN ZABRANJENIH KNJIGA U 2. GIMNAZIJI"},"content":{"rendered":"\n<p>U na\u0161oj se \u0161koli ve\u0107 tradicionalno krajem rujna i po\u010detkom listopada obilje\u017eava Tjedan zabranjenih knjiga u kojemu analiziramo djela koja su kroz povijest do\u017eivljavala napade, cenzuru i zabrane.&nbsp;Ovogodi\u0161nji je izbor vrlo \u0161arolik &#8211; od omiljenih lektira poput &#8220;Lovca u \u017eitu&#8221;, &#8220;Fahrenheita 451&#8221; i Orwellovih uspje\u0161nica do intrigantnih naslova poput &#8220;Lolite&#8221;, &#8220;Slu\u0161kinjine pri\u010de&#8221; i &#8220;Da Vincijeva koda&#8221;. Profesorica Magdalena Mr\u010dela je u suradnji s u\u010denicima \u010dak pet razreda vodila ovaj zanimljiv susret prepun neo\u010dekivanih analiza i \u010dinjenica o knjigama za koje bismo rijetko pomislili da su pro\u0161le te\u0161ke sudbine.&nbsp;<\/p>\n\n\n\n<figure class=\"wp-block-gallery has-nested-images columns-default is-cropped wp-block-gallery-1 is-layout-flex wp-block-gallery-is-layout-flex\">\n<figure data-wp-context=\"{&quot;imageId&quot;:&quot;69f3c9f3f1aa9&quot;}\" data-wp-interactive=\"core\/image\" data-wp-key=\"69f3c9f3f1aa9\" class=\"wp-block-image size-large wp-lightbox-container\"><img loading=\"lazy\" decoding=\"async\" width=\"768\" height=\"1024\" data-wp-class--hide=\"state.isContentHidden\" data-wp-class--show=\"state.isContentVisible\" data-wp-init=\"callbacks.setButtonStyles\" data-wp-on--click=\"actions.showLightbox\" data-wp-on--load=\"callbacks.setButtonStyles\" data-wp-on-window--resize=\"callbacks.setButtonStyles\" data-id=\"8715\" src=\"https:\/\/drugagimnazija.hr\/wp-content\/uploads\/2024\/01\/tj-zab.jpg\" alt=\"\" class=\"wp-image-8715\" srcset=\"https:\/\/drugagimnazija.hr\/wp-content\/uploads\/2024\/01\/tj-zab.jpg 768w, https:\/\/drugagimnazija.hr\/wp-content\/uploads\/2024\/01\/tj-zab-225x300.jpg 225w, https:\/\/drugagimnazija.hr\/wp-content\/uploads\/2024\/01\/tj-zab-600x800.jpg 600w\" sizes=\"auto, (max-width: 768px) 100vw, 768px\" \/><button\n\t\t\tclass=\"lightbox-trigger\"\n\t\t\ttype=\"button\"\n\t\t\taria-haspopup=\"dialog\"\n\t\t\taria-label=\"Uve\u0107aj\"\n\t\t\tdata-wp-init=\"callbacks.initTriggerButton\"\n\t\t\tdata-wp-on--click=\"actions.showLightbox\"\n\t\t\tdata-wp-style--right=\"state.imageButtonRight\"\n\t\t\tdata-wp-style--top=\"state.imageButtonTop\"\n\t\t>\n\t\t\t<svg xmlns=\"http:\/\/www.w3.org\/2000\/svg\" width=\"12\" height=\"12\" fill=\"none\" viewBox=\"0 0 12 12\">\n\t\t\t\t<path fill=\"#fff\" d=\"M2 0a2 2 0 0 0-2 2v2h1.5V2a.5.5 0 0 1 .5-.5h2V0H2Zm2 10.5H2a.5.5 0 0 1-.5-.5V8H0v2a2 2 0 0 0 2 2h2v-1.5ZM8 12v-1.5h2a.5.5 0 0 0 .5-.5V8H12v2a2 2 0 0 1-2 2H8Zm2-12a2 2 0 0 1 2 2v2h-1.5V2a.5.5 0 0 0-.5-.5H8V0h2Z\" \/>\n\t\t\t<\/svg>\n\t\t<\/button><\/figure>\n\n\n\n<figure data-wp-context=\"{&quot;imageId&quot;:&quot;69f3c9f3f1f6c&quot;}\" data-wp-interactive=\"core\/image\" data-wp-key=\"69f3c9f3f1f6c\" class=\"wp-block-image size-large wp-lightbox-container\"><img loading=\"lazy\" decoding=\"async\" width=\"1024\" height=\"768\" data-wp-class--hide=\"state.isContentHidden\" data-wp-class--show=\"state.isContentVisible\" data-wp-init=\"callbacks.setButtonStyles\" data-wp-on--click=\"actions.showLightbox\" data-wp-on--load=\"callbacks.setButtonStyles\" data-wp-on-window--resize=\"callbacks.setButtonStyles\" data-id=\"8714\" src=\"https:\/\/drugagimnazija.hr\/wp-content\/uploads\/2024\/01\/385739731_329882292890461_6583545016781157603_n.jpg\" alt=\"\" class=\"wp-image-8714\" srcset=\"https:\/\/drugagimnazija.hr\/wp-content\/uploads\/2024\/01\/385739731_329882292890461_6583545016781157603_n.jpg 1024w, https:\/\/drugagimnazija.hr\/wp-content\/uploads\/2024\/01\/385739731_329882292890461_6583545016781157603_n-300x225.jpg 300w, https:\/\/drugagimnazija.hr\/wp-content\/uploads\/2024\/01\/385739731_329882292890461_6583545016781157603_n-768x576.jpg 768w\" sizes=\"auto, (max-width: 1024px) 100vw, 1024px\" \/><button\n\t\t\tclass=\"lightbox-trigger\"\n\t\t\ttype=\"button\"\n\t\t\taria-haspopup=\"dialog\"\n\t\t\taria-label=\"Uve\u0107aj\"\n\t\t\tdata-wp-init=\"callbacks.initTriggerButton\"\n\t\t\tdata-wp-on--click=\"actions.showLightbox\"\n\t\t\tdata-wp-style--right=\"state.imageButtonRight\"\n\t\t\tdata-wp-style--top=\"state.imageButtonTop\"\n\t\t>\n\t\t\t<svg xmlns=\"http:\/\/www.w3.org\/2000\/svg\" width=\"12\" height=\"12\" fill=\"none\" viewBox=\"0 0 12 12\">\n\t\t\t\t<path fill=\"#fff\" d=\"M2 0a2 2 0 0 0-2 2v2h1.5V2a.5.5 0 0 1 .5-.5h2V0H2Zm2 10.5H2a.5.5 0 0 1-.5-.5V8H0v2a2 2 0 0 0 2 2h2v-1.5ZM8 12v-1.5h2a.5.5 0 0 0 .5-.5V8H12v2a2 2 0 0 1-2 2H8Zm2-12a2 2 0 0 1 2 2v2h-1.5V2a.5.5 0 0 0-.5-.5H8V0h2Z\" \/>\n\t\t\t<\/svg>\n\t\t<\/button><\/figure>\n<\/figure>\n","protected":false},"excerpt":{"rendered":"<p>U na\u0161oj se \u0161koli ve\u0107 tradicionalno krajem rujna i po\u010detkom listopada obilje\u017eava Tjedan zabranjenih knjiga u kojemu analiziramo djela koja [&hellip;]<\/p>\n","protected":false},"author":1,"featured_media":8715,"comment_status":"closed","ping_status":"closed","sticky":false,"template":"","format":"standard","meta":{"cybocfi_hide_featured_image":"yes","footnotes":""},"categories":[109,2],"tags":[],"class_list":["post-8883","post","type-post","status-publish","format-standard","has-post-thumbnail","hentry","category-hrvatski","category-novosti"],"_links":{"self":[{"href":"https:\/\/drugagimnazija.hr\/index.php?rest_route=\/wp\/v2\/posts\/8883","targetHints":{"allow":["GET"]}}],"collection":[{"href":"https:\/\/drugagimnazija.hr\/index.php?rest_route=\/wp\/v2\/posts"}],"about":[{"href":"https:\/\/drugagimnazija.hr\/index.php?rest_route=\/wp\/v2\/types\/post"}],"author":[{"embeddable":true,"href":"https:\/\/drugagimnazija.hr\/index.php?rest_route=\/wp\/v2\/users\/1"}],"replies":[{"embeddable":true,"href":"https:\/\/drugagimnazija.hr\/index.php?rest_route=%2Fwp%2Fv2%2Fcomments&post=8883"}],"version-history":[{"count":5,"href":"https:\/\/drugagimnazija.hr\/index.php?rest_route=\/wp\/v2\/posts\/8883\/revisions"}],"predecessor-version":[{"id":9328,"href":"https:\/\/drugagimnazija.hr\/index.php?rest_route=\/wp\/v2\/posts\/8883\/revisions\/9328"}],"wp:featuredmedia":[{"embeddable":true,"href":"https:\/\/drugagimnazija.hr\/index.php?rest_route=\/wp\/v2\/media\/8715"}],"wp:attachment":[{"href":"https:\/\/drugagimnazija.hr\/index.php?rest_route=%2Fwp%2Fv2%2Fmedia&parent=8883"}],"wp:term":[{"taxonomy":"category","embeddable":true,"href":"https:\/\/drugagimnazija.hr\/index.php?rest_route=%2Fwp%2Fv2%2Fcategories&post=8883"},{"taxonomy":"post_tag","embeddable":true,"href":"https:\/\/drugagimnazija.hr\/index.php?rest_route=%2Fwp%2Fv2%2Ftags&post=8883"}],"curies":[{"name":"wp","href":"https:\/\/api.w.org\/{rel}","templated":true}]}}