{"id":8878,"date":"2023-10-17T23:54:00","date_gmt":"2023-10-17T22:54:00","guid":{"rendered":"https:\/\/drugagimnazija.hr\/?p=8878"},"modified":"2024-01-31T18:29:49","modified_gmt":"2024-01-31T17:29:49","slug":"11-smotra-hrvatskog-skolskog-filma","status":"publish","type":"post","link":"https:\/\/drugagimnazija.hr\/?p=8878","title":{"rendered":"11. SMOTRA HRVATSKOG \u0160KOLSKOG FILMA"},"content":{"rendered":"\n<p>Pro\u0161li je tjedan na\u0161a \u0161kola sudjelovala na 11. Smotri hrvatskog \u0161kolskog filma koja se odr\u017eala od 5. do 7. listopada u Zagrebu. <\/p>\n\n\n\n<figure class=\"wp-block-image size-full\"><img loading=\"lazy\" decoding=\"async\" width=\"983\" height=\"999\" src=\"https:\/\/drugagimnazija.hr\/wp-content\/uploads\/2024\/01\/preuzmi.png\" alt=\"\" class=\"wp-image-8708\" srcset=\"https:\/\/drugagimnazija.hr\/wp-content\/uploads\/2024\/01\/preuzmi.png 983w, https:\/\/drugagimnazija.hr\/wp-content\/uploads\/2024\/01\/preuzmi-295x300.png 295w, https:\/\/drugagimnazija.hr\/wp-content\/uploads\/2024\/01\/preuzmi-768x781.png 768w\" sizes=\"auto, (max-width: 983px) 100vw, 983px\" \/><\/figure>\n","protected":false},"excerpt":{"rendered":"<p>Pro\u0161li je tjedan na\u0161a \u0161kola sudjelovala na 11. Smotri hrvatskog \u0161kolskog filma koja se odr\u017eala od 5. do 7. listopada [&hellip;]<\/p>\n","protected":false},"author":1,"featured_media":8708,"comment_status":"closed","ping_status":"closed","sticky":false,"template":"","format":"standard","meta":{"cybocfi_hide_featured_image":"yes","footnotes":""},"categories":[109,2],"tags":[],"class_list":["post-8878","post","type-post","status-publish","format-standard","has-post-thumbnail","hentry","category-hrvatski","category-novosti"],"_links":{"self":[{"href":"https:\/\/drugagimnazija.hr\/index.php?rest_route=\/wp\/v2\/posts\/8878","targetHints":{"allow":["GET"]}}],"collection":[{"href":"https:\/\/drugagimnazija.hr\/index.php?rest_route=\/wp\/v2\/posts"}],"about":[{"href":"https:\/\/drugagimnazija.hr\/index.php?rest_route=\/wp\/v2\/types\/post"}],"author":[{"embeddable":true,"href":"https:\/\/drugagimnazija.hr\/index.php?rest_route=\/wp\/v2\/users\/1"}],"replies":[{"embeddable":true,"href":"https:\/\/drugagimnazija.hr\/index.php?rest_route=%2Fwp%2Fv2%2Fcomments&post=8878"}],"version-history":[{"count":4,"href":"https:\/\/drugagimnazija.hr\/index.php?rest_route=\/wp\/v2\/posts\/8878\/revisions"}],"predecessor-version":[{"id":9400,"href":"https:\/\/drugagimnazija.hr\/index.php?rest_route=\/wp\/v2\/posts\/8878\/revisions\/9400"}],"wp:featuredmedia":[{"embeddable":true,"href":"https:\/\/drugagimnazija.hr\/index.php?rest_route=\/wp\/v2\/media\/8708"}],"wp:attachment":[{"href":"https:\/\/drugagimnazija.hr\/index.php?rest_route=%2Fwp%2Fv2%2Fmedia&parent=8878"}],"wp:term":[{"taxonomy":"category","embeddable":true,"href":"https:\/\/drugagimnazija.hr\/index.php?rest_route=%2Fwp%2Fv2%2Fcategories&post=8878"},{"taxonomy":"post_tag","embeddable":true,"href":"https:\/\/drugagimnazija.hr\/index.php?rest_route=%2Fwp%2Fv2%2Ftags&post=8878"}],"curies":[{"name":"wp","href":"https:\/\/api.w.org\/{rel}","templated":true}]}}