{"id":8858,"date":"2023-03-09T20:46:00","date_gmt":"2023-03-09T19:46:00","guid":{"rendered":"https:\/\/drugagimnazija.hr\/?p=8858"},"modified":"2024-01-30T04:51:47","modified_gmt":"2024-01-30T03:51:47","slug":"hear-ye-hear-ye","status":"publish","type":"post","link":"https:\/\/drugagimnazija.hr\/?p=8858","title":{"rendered":"HEAR YE, HEAR YE!"},"content":{"rendered":"<p style=\"text-align: justify;\">Zavr\u0161en je jo\u0161 jedan natje\u010daj kreativnoga pisanja na engleskome jeziku II. gimnazije, koji organiziraju profesorice\u00a0Anamarija Brzica\u00a0i\u00a0Ana Pavi\u010di\u0107 Le\u0161i\u0107. Ove su se godine na\u0161i u\u010denici inspirirali predivnom re\u010denicom autorice Leslye Walton\u00a0<em>Why would you be given wings if\u00a0 you weren&#8217;t meant to fly?<\/em>\u00a0Prosudbeno je povjerenstvo pa\u017eljivo prou\u010dilo prijavljene radove i odabralo pobjednike u kategoriji pjesme i kratke pri\u010de.<\/p>\n<p><!-- \/wp:post-content --><!-- wp:paragraph --><\/p>\n<p style=\"text-align: justify;\">U kategoriji pjesme prvo je mjesto osvojila na\u0161a maturantica i nagra\u0111ivana\u00a0 pjesnikinja\u00a0Ema Gabela\u00a0(4. f). Svojom predivnom pjesmom\u00a0<em>Mighty shadow&#8230;\u00a0<\/em>osvojila je srca \u010dlanova Povjerenstva i zaslu\u017eeno odnijela pobjedu. Slijede je\u00a0Hana \u0160umi\u0107\u00a0(1. f)\u00a0 i\u00a0Rosana Ercegovi\u0107\u00a0(1. f) koje su napisale pjesme o \u017eivotu i smrti te, zauzev\u0161i 2. i 3. mjesto pokazale da nas je i nova generacija obogatila nadarenim pjesnikinjama.<\/p>\n<p style=\"text-align: justify;\"><!-- wp:paragraph --><\/p>\n<p style=\"text-align: justify;\">\u0160to se ti\u010de kategorije kratke pri\u010de, prvo je mjesto pripalo fantasti\u010dnomu radu u\u010denice \u0110ane Dadi\u0107 (2. f). \u0110ana je u svojoj pri\u010di<em>\u00a0The story behind the slaughter\u00a0<\/em>pokazala svoju izvanrednu umje\u0161nost uspje\u0161no spojiv\u0161i kriminalisti\u010dku i ljubavnu pri\u010du. Drugo je mjesto osvojila Nikolina No\u017eina (3. e) koja je svojom kratkom pri\u010dom o knji\u017eevnom stvaranju, ba\u0161 poput svoje golubice, dosegla nebeske visine. Upe\u010datljiva ljubavna crtica Lucije Bubi\u0107 (1. d) zauzela je 3. mjesto.<\/p>\n<p><!-- \/wp:paragraph --><!-- wp:paragraph --><\/p>\n<p><img loading=\"lazy\" decoding=\"async\" class=\"alignnone size-medium wp-image-8739\" src=\"https:\/\/drugagimnazija.hr\/wp-content\/uploads\/2024\/01\/ej-300x154.png\" alt=\"\" width=\"300\" height=\"154\" srcset=\"https:\/\/drugagimnazija.hr\/wp-content\/uploads\/2024\/01\/ej-300x154.png 300w, https:\/\/drugagimnazija.hr\/wp-content\/uploads\/2024\/01\/ej-1024x525.png 1024w, https:\/\/drugagimnazija.hr\/wp-content\/uploads\/2024\/01\/ej-768x394.png 768w, https:\/\/drugagimnazija.hr\/wp-content\/uploads\/2024\/01\/ej.png 1495w\" sizes=\"auto, (max-width: 300px) 100vw, 300px\" \/><\/p>\n<p>Uistinu, uzvinuli su se na\u0161i u\u010denici visoko na krilima svoje ma\u0161te, kreativnosti i poznavanja engleskoga jezika i omogu\u0107ili nam svima u\u017eivanje u zvjezdanome sjaju svojega stvarala\u0161tva. \u010cestitamo svima i veselimo se novim plodovima njihovih pera!<\/p>\n\n<!-- wp:paragraph -->\n<p><\/p>\n<!-- \/wp:paragraph --><!-- \/wp:paragraph -->","protected":false},"excerpt":{"rendered":"<p>Zavr\u0161en je jo\u0161 jedan natje\u010daj kreativnoga pisanja na engleskome jeziku II. gimnazije, koji organiziraju profesorice\u00a0Anamarija Brzica\u00a0i\u00a0Ana Pavi\u010di\u0107 Le\u0161i\u0107. Ove su [&hellip;]<\/p>\n","protected":false},"author":1,"featured_media":8739,"comment_status":"closed","ping_status":"closed","sticky":false,"template":"","format":"standard","meta":{"cybocfi_hide_featured_image":"yes","footnotes":""},"categories":[106,2],"tags":[],"class_list":["post-8858","post","type-post","status-publish","format-standard","has-post-thumbnail","hentry","category-engleski","category-novosti"],"_links":{"self":[{"href":"https:\/\/drugagimnazija.hr\/index.php?rest_route=\/wp\/v2\/posts\/8858","targetHints":{"allow":["GET"]}}],"collection":[{"href":"https:\/\/drugagimnazija.hr\/index.php?rest_route=\/wp\/v2\/posts"}],"about":[{"href":"https:\/\/drugagimnazija.hr\/index.php?rest_route=\/wp\/v2\/types\/post"}],"author":[{"embeddable":true,"href":"https:\/\/drugagimnazija.hr\/index.php?rest_route=\/wp\/v2\/users\/1"}],"replies":[{"embeddable":true,"href":"https:\/\/drugagimnazija.hr\/index.php?rest_route=%2Fwp%2Fv2%2Fcomments&post=8858"}],"version-history":[{"count":4,"href":"https:\/\/drugagimnazija.hr\/index.php?rest_route=\/wp\/v2\/posts\/8858\/revisions"}],"predecessor-version":[{"id":9346,"href":"https:\/\/drugagimnazija.hr\/index.php?rest_route=\/wp\/v2\/posts\/8858\/revisions\/9346"}],"wp:featuredmedia":[{"embeddable":true,"href":"https:\/\/drugagimnazija.hr\/index.php?rest_route=\/wp\/v2\/media\/8739"}],"wp:attachment":[{"href":"https:\/\/drugagimnazija.hr\/index.php?rest_route=%2Fwp%2Fv2%2Fmedia&parent=8858"}],"wp:term":[{"taxonomy":"category","embeddable":true,"href":"https:\/\/drugagimnazija.hr\/index.php?rest_route=%2Fwp%2Fv2%2Fcategories&post=8858"},{"taxonomy":"post_tag","embeddable":true,"href":"https:\/\/drugagimnazija.hr\/index.php?rest_route=%2Fwp%2Fv2%2Ftags&post=8858"}],"curies":[{"name":"wp","href":"https:\/\/api.w.org\/{rel}","templated":true}]}}