{"id":8827,"date":"2023-05-05T05:41:13","date_gmt":"2023-05-05T04:41:13","guid":{"rendered":"https:\/\/drugagimnazija.hr\/?p=8827"},"modified":"2024-01-30T02:30:05","modified_gmt":"2024-01-30T01:30:05","slug":"studijsko-putovanje-u-pariz-1-11-6-11-2023","status":"publish","type":"post","link":"https:\/\/drugagimnazija.hr\/?p=8827","title":{"rendered":"Studijsko putovanje u Pariz"},"content":{"rendered":"\n<p>Na\u0161a je avantura zapo\u010dela 13. travnja te smo cijeli prvi dan proveli u autobusu na putu do Torina. Stigli smo kasno nave\u010der, proveli ve\u010der u hotelu \u2018Guido Reni\u2019 te smo ujutro nastavili prema Parizu. Usput smo kratko obi\u0161li i \u017denevu. Neke od najpoznatijih atrakcija koje smo vidjeli bile su Jet D\u2019eau, Cvjetni sat i zgrada UN-a koja se nalazi nasuprot poznatog spomenika slomljene stolice.&nbsp;<\/p>\n\n\n\n<figure data-wp-context=\"{&quot;imageId&quot;:&quot;69f3b248eb85e&quot;}\" data-wp-interactive=\"core\/image\" data-wp-key=\"69f3b248eb85e\" class=\"wp-block-image size-large wp-lightbox-container\"><img loading=\"lazy\" decoding=\"async\" width=\"1024\" height=\"768\" data-wp-class--hide=\"state.isContentHidden\" data-wp-class--show=\"state.isContentVisible\" data-wp-init=\"callbacks.setButtonStyles\" data-wp-on--click=\"actions.showLightbox\" data-wp-on--load=\"callbacks.setButtonStyles\" data-wp-on-window--resize=\"callbacks.setButtonStyles\" src=\"https:\/\/drugagimnazija.hr\/wp-content\/uploads\/2024\/01\/TORANJ-1024x768.jpg\" alt=\"\" class=\"wp-image-8748\" srcset=\"https:\/\/drugagimnazija.hr\/wp-content\/uploads\/2024\/01\/TORANJ-1024x768.jpg 1024w, https:\/\/drugagimnazija.hr\/wp-content\/uploads\/2024\/01\/TORANJ-300x225.jpg 300w, https:\/\/drugagimnazija.hr\/wp-content\/uploads\/2024\/01\/TORANJ-768x576.jpg 768w, https:\/\/drugagimnazija.hr\/wp-content\/uploads\/2024\/01\/TORANJ-1536x1152.jpg 1536w, https:\/\/drugagimnazija.hr\/wp-content\/uploads\/2024\/01\/TORANJ.jpg 1600w\" sizes=\"auto, (max-width: 1024px) 100vw, 1024px\" \/><button\n\t\t\tclass=\"lightbox-trigger\"\n\t\t\ttype=\"button\"\n\t\t\taria-haspopup=\"dialog\"\n\t\t\taria-label=\"Uve\u0107aj\"\n\t\t\tdata-wp-init=\"callbacks.initTriggerButton\"\n\t\t\tdata-wp-on--click=\"actions.showLightbox\"\n\t\t\tdata-wp-style--right=\"state.imageButtonRight\"\n\t\t\tdata-wp-style--top=\"state.imageButtonTop\"\n\t\t>\n\t\t\t<svg xmlns=\"http:\/\/www.w3.org\/2000\/svg\" width=\"12\" height=\"12\" fill=\"none\" viewBox=\"0 0 12 12\">\n\t\t\t\t<path fill=\"#fff\" d=\"M2 0a2 2 0 0 0-2 2v2h1.5V2a.5.5 0 0 1 .5-.5h2V0H2Zm2 10.5H2a.5.5 0 0 1-.5-.5V8H0v2a2 2 0 0 0 2 2h2v-1.5ZM8 12v-1.5h2a.5.5 0 0 0 .5-.5V8H12v2a2 2 0 0 1-2 2H8Zm2-12a2 2 0 0 1 2 2v2h-1.5V2a.5.5 0 0 0-.5-.5H8V0h2Z\" \/>\n\t\t\t<\/svg>\n\t\t<\/button><\/figure>\n\n\n\n<p><\/p>\n\n\n\n<p>Nave\u010der sti\u017eemo u Pariz i smje\u0161tamo se u hotel \u2018Ibis Paris La Defense\u2019. Prvi dio dana obilazimo muzej Louvre, a poslijepodne panoramskom vo\u017enjom obilazimo&nbsp; ulice grada i njegove prekrasne znamenitosti: Tour Eiffel, Arc de Triomphe, Palais Chaillot, Place de la Concorde, Place Vendome, Opera Garnier, Ecole Militaire, I prekrasne pari\u0161ke avenije Champs-Elysees.&nbsp;<\/p>\n\n\n\n<p>Drugi dan u Parizu, ujutro \u0161etnjom idemo do Eiffela, usputno obilazimo Dome de Invalides, Pont Aleksandre III, Tuileries te brojna druga zna\u010dajna mjesta koja se nalaze prakti\u010dki na svakom uglu. Uspinjemo se na toranj i u\u017eivamo u predivnom pogledu. Zatim idemo na plovidbu Seinom tokom koje smo vidjeli jo\u0161 predivnih prizora kao \u0161to su Chatelet, Notre Dame i Grand Palais. Nave\u010der u\u017eivamo u pogledu na svjetlucavi toranj te privodimo dan kraju. Tre\u0107i dan, dio je u\u010denika imao slobodno vrijeme u centru grada te \u0161etnju Montmartrom, dok je ostatak, kojeg je povukao adrenalin, posljednji dan u Parizu proveo u Disneylandu. Sljede\u0107i dan uputili smo se prema Hrvatskoj te na putu obi\u0161li gradi\u0107 Epernay u regiji Champagne iz koje dolaze svjetski najpoznatiji \u0161ampanjci.&nbsp;&nbsp;<\/p>\n\n\n\n<p>Za kraj ovog nezaboravnog iskustva, zadnji dan kroz jutro uputili smo se u kratki obilazak Strasbourga i time zavr\u0161ili ovu avanturu te nastavili put prema Splitu, u koji sti\u017eemo u ranim jutarnjim satima.&nbsp;<\/p>\n\n\n\n<p>Sudjelovali su u\u010denici 1.a, 2.a i 3.a razreda koji u\u010de francuski redovno te u\u010denici fakultativne nastave, kojima su u pratnji bile profesorica&nbsp;<strong>Silvana Soldo<\/strong>&nbsp;i&nbsp;<strong>Ankica Nikoli\u0107<\/strong>.&nbsp;<\/p>\n\n\n\n<p>&nbsp;&nbsp;&nbsp;&nbsp;&nbsp;&nbsp;&nbsp;&nbsp;&nbsp;&nbsp;&nbsp;&nbsp;&nbsp;&nbsp;&nbsp;&nbsp;&nbsp;&nbsp;&nbsp;&nbsp;&nbsp;&nbsp;&nbsp;&nbsp;&nbsp;&nbsp;&nbsp;&nbsp;&nbsp;&nbsp;&nbsp;&nbsp;&nbsp;&nbsp;&nbsp;&nbsp;&nbsp;&nbsp;&nbsp;&nbsp;&nbsp;&nbsp;&nbsp;&nbsp; Marta Ribi\u010di\u0107, 2.a<\/p>\n","protected":false},"excerpt":{"rendered":"<p>Na\u0161a je avantura zapo\u010dela 13. travnja te smo cijeli prvi dan proveli u autobusu na putu do Torina. Stigli smo [&hellip;]<\/p>\n","protected":false},"author":1,"featured_media":8748,"comment_status":"closed","ping_status":"closed","sticky":false,"template":"","format":"standard","meta":{"cybocfi_hide_featured_image":"yes","footnotes":""},"categories":[2,123],"tags":[],"class_list":["post-8827","post","type-post","status-publish","format-standard","has-post-thumbnail","hentry","category-novosti","category-studijska-putovanja"],"_links":{"self":[{"href":"https:\/\/drugagimnazija.hr\/index.php?rest_route=\/wp\/v2\/posts\/8827","targetHints":{"allow":["GET"]}}],"collection":[{"href":"https:\/\/drugagimnazija.hr\/index.php?rest_route=\/wp\/v2\/posts"}],"about":[{"href":"https:\/\/drugagimnazija.hr\/index.php?rest_route=\/wp\/v2\/types\/post"}],"author":[{"embeddable":true,"href":"https:\/\/drugagimnazija.hr\/index.php?rest_route=\/wp\/v2\/users\/1"}],"replies":[{"embeddable":true,"href":"https:\/\/drugagimnazija.hr\/index.php?rest_route=%2Fwp%2Fv2%2Fcomments&post=8827"}],"version-history":[{"count":5,"href":"https:\/\/drugagimnazija.hr\/index.php?rest_route=\/wp\/v2\/posts\/8827\/revisions"}],"predecessor-version":[{"id":9286,"href":"https:\/\/drugagimnazija.hr\/index.php?rest_route=\/wp\/v2\/posts\/8827\/revisions\/9286"}],"wp:featuredmedia":[{"embeddable":true,"href":"https:\/\/drugagimnazija.hr\/index.php?rest_route=\/wp\/v2\/media\/8748"}],"wp:attachment":[{"href":"https:\/\/drugagimnazija.hr\/index.php?rest_route=%2Fwp%2Fv2%2Fmedia&parent=8827"}],"wp:term":[{"taxonomy":"category","embeddable":true,"href":"https:\/\/drugagimnazija.hr\/index.php?rest_route=%2Fwp%2Fv2%2Fcategories&post=8827"},{"taxonomy":"post_tag","embeddable":true,"href":"https:\/\/drugagimnazija.hr\/index.php?rest_route=%2Fwp%2Fv2%2Ftags&post=8827"}],"curies":[{"name":"wp","href":"https:\/\/api.w.org\/{rel}","templated":true}]}}