{"id":8811,"date":"2023-11-13T05:28:00","date_gmt":"2023-11-13T04:28:00","guid":{"rendered":"https:\/\/drugagimnazija.hr\/?p=8811"},"modified":"2024-01-31T18:49:21","modified_gmt":"2024-01-31T17:49:21","slug":"studijsko-putovanje-u-austriju-i-njemacku-1-11-6-11-2023","status":"publish","type":"post","link":"https:\/\/drugagimnazija.hr\/?p=8811","title":{"rendered":"Studijsko putovanje u Austriju i Njema\u010dku (1.11.- 6.11. 2023.)"},"content":{"rendered":"\n<p>U\u010denici na\u0161e \u0161kole su ove godine u pratnji svojih nastavnica, prof. Ajlin Andreis Sarun, prof. Klaudije Du\u017eevi\u0107 i prof. Ane Grimani Lovri\u0107, odlu\u010dili otputovati na zanimljive destinacije. <\/p>\n","protected":false},"excerpt":{"rendered":"<p>U\u010denici na\u0161e \u0161kole su ove godine u pratnji svojih nastavnica, prof. Ajlin Andreis Sarun, prof. Klaudije Du\u017eevi\u0107 i prof. Ane [&hellip;]<\/p>\n","protected":false},"author":1,"featured_media":8817,"comment_status":"closed","ping_status":"open","sticky":false,"template":"","format":"standard","meta":{"cybocfi_hide_featured_image":"yes","footnotes":""},"categories":[107,123],"tags":[],"class_list":["post-8811","post","type-post","status-publish","format-standard","has-post-thumbnail","hentry","category-njemacki","category-studijska-putovanja"],"_links":{"self":[{"href":"https:\/\/drugagimnazija.hr\/index.php?rest_route=\/wp\/v2\/posts\/8811","targetHints":{"allow":["GET"]}}],"collection":[{"href":"https:\/\/drugagimnazija.hr\/index.php?rest_route=\/wp\/v2\/posts"}],"about":[{"href":"https:\/\/drugagimnazija.hr\/index.php?rest_route=\/wp\/v2\/types\/post"}],"author":[{"embeddable":true,"href":"https:\/\/drugagimnazija.hr\/index.php?rest_route=\/wp\/v2\/users\/1"}],"replies":[{"embeddable":true,"href":"https:\/\/drugagimnazija.hr\/index.php?rest_route=%2Fwp%2Fv2%2Fcomments&post=8811"}],"version-history":[{"count":5,"href":"https:\/\/drugagimnazija.hr\/index.php?rest_route=\/wp\/v2\/posts\/8811\/revisions"}],"predecessor-version":[{"id":9411,"href":"https:\/\/drugagimnazija.hr\/index.php?rest_route=\/wp\/v2\/posts\/8811\/revisions\/9411"}],"wp:featuredmedia":[{"embeddable":true,"href":"https:\/\/drugagimnazija.hr\/index.php?rest_route=\/wp\/v2\/media\/8817"}],"wp:attachment":[{"href":"https:\/\/drugagimnazija.hr\/index.php?rest_route=%2Fwp%2Fv2%2Fmedia&parent=8811"}],"wp:term":[{"taxonomy":"category","embeddable":true,"href":"https:\/\/drugagimnazija.hr\/index.php?rest_route=%2Fwp%2Fv2%2Fcategories&post=8811"},{"taxonomy":"post_tag","embeddable":true,"href":"https:\/\/drugagimnazija.hr\/index.php?rest_route=%2Fwp%2Fv2%2Ftags&post=8811"}],"curies":[{"name":"wp","href":"https:\/\/api.w.org\/{rel}","templated":true}]}}