{"id":8356,"date":"2022-10-27T05:21:23","date_gmt":"2022-10-27T04:21:23","guid":{"rendered":"https:\/\/drugagimnazija.hr\/?p=8356"},"modified":"2024-01-21T05:23:58","modified_gmt":"2024-01-21T04:23:58","slug":"ucenici-druge-citaju-pisce-druge","status":"publish","type":"post","link":"https:\/\/drugagimnazija.hr\/?p=8356","title":{"rendered":"U\u010denici Druge \u010ditaju pisce druge"},"content":{"rendered":"\n<p>Povodom obilje\u017eavanja\u00a0<em>Mjeseca hrvatske knjige<\/em>\u00a0II. GIMNAZIJA Split provodi \u00a0projekt\u00a0<em>U\u010denici Druge \u010ditaju pisce Druge<\/em>. Predstavljanje projekta odr\u017eat \u0107e se sutra,\u00a028. listopada 2022.\u00a0u\u00a019.00 sati\u00a0u\u00a0Amfiteatru\u00a0(me\u0111ukat \u0161kole).<\/p>\n\n\n\n<figure class=\"wp-block-image size-full\"><img loading=\"lazy\" decoding=\"async\" width=\"609\" height=\"428\" src=\"https:\/\/drugagimnazija.hr\/wp-content\/uploads\/2024\/01\/Picture6.png\" alt=\"\" class=\"wp-image-8205\" srcset=\"https:\/\/drugagimnazija.hr\/wp-content\/uploads\/2024\/01\/Picture6.png 609w, https:\/\/drugagimnazija.hr\/wp-content\/uploads\/2024\/01\/Picture6-300x211.png 300w\" sizes=\"auto, (max-width: 609px) 100vw, 609px\" \/><\/figure>\n\n\n\n<p><strong>Radujemo se va\u0161em dolasku!<\/strong><\/p>\n","protected":false},"excerpt":{"rendered":"<p>Povodom obilje\u017eavanja\u00a0Mjeseca hrvatske knjige\u00a0II. GIMNAZIJA Split provodi \u00a0projekt\u00a0U\u010denici Druge \u010ditaju pisce Druge. Predstavljanje projekta odr\u017eat \u0107e se sutra,\u00a028. listopada 2022.\u00a0u\u00a019.00 [&hellip;]<\/p>\n","protected":false},"author":1,"featured_media":8205,"comment_status":"closed","ping_status":"closed","sticky":false,"template":"","format":"standard","meta":{"cybocfi_hide_featured_image":"yes","footnotes":""},"categories":[109,2],"tags":[],"class_list":["post-8356","post","type-post","status-publish","format-standard","has-post-thumbnail","hentry","category-hrvatski","category-novosti"],"_links":{"self":[{"href":"https:\/\/drugagimnazija.hr\/index.php?rest_route=\/wp\/v2\/posts\/8356","targetHints":{"allow":["GET"]}}],"collection":[{"href":"https:\/\/drugagimnazija.hr\/index.php?rest_route=\/wp\/v2\/posts"}],"about":[{"href":"https:\/\/drugagimnazija.hr\/index.php?rest_route=\/wp\/v2\/types\/post"}],"author":[{"embeddable":true,"href":"https:\/\/drugagimnazija.hr\/index.php?rest_route=\/wp\/v2\/users\/1"}],"replies":[{"embeddable":true,"href":"https:\/\/drugagimnazija.hr\/index.php?rest_route=%2Fwp%2Fv2%2Fcomments&post=8356"}],"version-history":[{"count":3,"href":"https:\/\/drugagimnazija.hr\/index.php?rest_route=\/wp\/v2\/posts\/8356\/revisions"}],"predecessor-version":[{"id":8359,"href":"https:\/\/drugagimnazija.hr\/index.php?rest_route=\/wp\/v2\/posts\/8356\/revisions\/8359"}],"wp:featuredmedia":[{"embeddable":true,"href":"https:\/\/drugagimnazija.hr\/index.php?rest_route=\/wp\/v2\/media\/8205"}],"wp:attachment":[{"href":"https:\/\/drugagimnazija.hr\/index.php?rest_route=%2Fwp%2Fv2%2Fmedia&parent=8356"}],"wp:term":[{"taxonomy":"category","embeddable":true,"href":"https:\/\/drugagimnazija.hr\/index.php?rest_route=%2Fwp%2Fv2%2Fcategories&post=8356"},{"taxonomy":"post_tag","embeddable":true,"href":"https:\/\/drugagimnazija.hr\/index.php?rest_route=%2Fwp%2Fv2%2Ftags&post=8356"}],"curies":[{"name":"wp","href":"https:\/\/api.w.org\/{rel}","templated":true}]}}