{"id":8320,"date":"2018-01-31T02:25:52","date_gmt":"2018-01-31T01:25:52","guid":{"rendered":"https:\/\/drugagimnazija.hr\/?p=8320"},"modified":"2024-01-31T18:47:11","modified_gmt":"2024-01-31T17:47:11","slug":"delf-diplome","status":"publish","type":"post","link":"https:\/\/drugagimnazija.hr\/?p=8320","title":{"rendered":"Delf diplome"},"content":{"rendered":"\n<p>Jo\u0161 jedna podjela Delf diploma (<em>me\u0111unarodno priznatih diploma iz francuskog jezika<\/em>) uprili\u010dena je u \u0161kolskoj knji\u017enici. <\/p>\n\n\n\n<figure class=\"wp-block-image size-large\"><img loading=\"lazy\" decoding=\"async\" width=\"768\" height=\"1024\" src=\"https:\/\/drugagimnazija.hr\/wp-content\/uploads\/2024\/01\/delf-768x1024.jpg\" alt=\"\" class=\"wp-image-8323\" srcset=\"https:\/\/drugagimnazija.hr\/wp-content\/uploads\/2024\/01\/delf-768x1024.jpg 768w, https:\/\/drugagimnazija.hr\/wp-content\/uploads\/2024\/01\/delf-225x300.jpg 225w, https:\/\/drugagimnazija.hr\/wp-content\/uploads\/2024\/01\/delf-1152x1536.jpg 1152w, https:\/\/drugagimnazija.hr\/wp-content\/uploads\/2024\/01\/delf-1536x2048.jpg 1536w, https:\/\/drugagimnazija.hr\/wp-content\/uploads\/2024\/01\/delf-scaled.jpg 1920w\" sizes=\"auto, (max-width: 768px) 100vw, 768px\" \/><\/figure>\n\n\n\n<p><em>Podjela diploma<\/em><\/p>\n\n\n\n<p><\/p>\n","protected":false},"excerpt":{"rendered":"<p>Jo\u0161 jedna podjela Delf diploma (me\u0111unarodno priznatih diploma iz francuskog jezika) uprili\u010dena je u \u0161kolskoj knji\u017enici. Podjela diploma<\/p>\n","protected":false},"author":1,"featured_media":8323,"comment_status":"closed","ping_status":"closed","sticky":false,"template":"","format":"standard","meta":{"cybocfi_hide_featured_image":"yes","footnotes":""},"categories":[105,2],"tags":[],"class_list":["post-8320","post","type-post","status-publish","format-standard","has-post-thumbnail","hentry","category-francuski","category-novosti"],"_links":{"self":[{"href":"https:\/\/drugagimnazija.hr\/index.php?rest_route=\/wp\/v2\/posts\/8320","targetHints":{"allow":["GET"]}}],"collection":[{"href":"https:\/\/drugagimnazija.hr\/index.php?rest_route=\/wp\/v2\/posts"}],"about":[{"href":"https:\/\/drugagimnazija.hr\/index.php?rest_route=\/wp\/v2\/types\/post"}],"author":[{"embeddable":true,"href":"https:\/\/drugagimnazija.hr\/index.php?rest_route=\/wp\/v2\/users\/1"}],"replies":[{"embeddable":true,"href":"https:\/\/drugagimnazija.hr\/index.php?rest_route=%2Fwp%2Fv2%2Fcomments&post=8320"}],"version-history":[{"count":4,"href":"https:\/\/drugagimnazija.hr\/index.php?rest_route=\/wp\/v2\/posts\/8320\/revisions"}],"predecessor-version":[{"id":9409,"href":"https:\/\/drugagimnazija.hr\/index.php?rest_route=\/wp\/v2\/posts\/8320\/revisions\/9409"}],"wp:featuredmedia":[{"embeddable":true,"href":"https:\/\/drugagimnazija.hr\/index.php?rest_route=\/wp\/v2\/media\/8323"}],"wp:attachment":[{"href":"https:\/\/drugagimnazija.hr\/index.php?rest_route=%2Fwp%2Fv2%2Fmedia&parent=8320"}],"wp:term":[{"taxonomy":"category","embeddable":true,"href":"https:\/\/drugagimnazija.hr\/index.php?rest_route=%2Fwp%2Fv2%2Fcategories&post=8320"},{"taxonomy":"post_tag","embeddable":true,"href":"https:\/\/drugagimnazija.hr\/index.php?rest_route=%2Fwp%2Fv2%2Ftags&post=8320"}],"curies":[{"name":"wp","href":"https:\/\/api.w.org\/{rel}","templated":true}]}}