{"id":8276,"date":"2017-10-27T21:58:43","date_gmt":"2017-10-27T20:58:43","guid":{"rendered":"https:\/\/drugagimnazija.hr\/?p=8276"},"modified":"2024-01-31T19:11:35","modified_gmt":"2024-01-31T18:11:35","slug":"ponovno-u-italiji","status":"publish","type":"post","link":"https:\/\/drugagimnazija.hr\/?p=8276","title":{"rendered":"Ponovno u Italiji"},"content":{"rendered":"\n<p>Godinama ve\u0107, u\u010denici, koji u\u010de talijanski kao drugi strani jezik, u rujnu odlaze na studijsko putovanje u Italiju. Cilj je upoznati se s regijama talijanskog govornog podru\u010dja i dijalektima tih podru\u010dja.<\/p>\n\n\n\n<figure class=\"wp-block-image size-full\"><img loading=\"lazy\" decoding=\"async\" width=\"750\" height=\"732\" src=\"https:\/\/drugagimnazija.hr\/wp-content\/uploads\/2024\/01\/IMG_5324.jpg\" alt=\"\" class=\"wp-image-8283\" srcset=\"https:\/\/drugagimnazija.hr\/wp-content\/uploads\/2024\/01\/IMG_5324.jpg 750w, https:\/\/drugagimnazija.hr\/wp-content\/uploads\/2024\/01\/IMG_5324-300x293.jpg 300w\" sizes=\"auto, (max-width: 750px) 100vw, 750px\" \/><\/figure>\n\n\n\n<p><strong><em>(Foto: Sara Petri\u0107) Verona<\/em><\/strong><\/p>\n\n\n\n<p><\/p>\n","protected":false},"excerpt":{"rendered":"<p>Godinama ve\u0107, u\u010denici, koji u\u010de talijanski kao drugi strani jezik, u rujnu odlaze na studijsko putovanje u Italiju. Cilj je [&hellip;]<\/p>\n","protected":false},"author":1,"featured_media":8283,"comment_status":"closed","ping_status":"closed","sticky":false,"template":"","format":"standard","meta":{"cybocfi_hide_featured_image":"yes","footnotes":""},"categories":[2,123,111],"tags":[],"class_list":["post-8276","post","type-post","status-publish","format-standard","has-post-thumbnail","hentry","category-novosti","category-studijska-putovanja","category-talijanski"],"_links":{"self":[{"href":"https:\/\/drugagimnazija.hr\/index.php?rest_route=\/wp\/v2\/posts\/8276","targetHints":{"allow":["GET"]}}],"collection":[{"href":"https:\/\/drugagimnazija.hr\/index.php?rest_route=\/wp\/v2\/posts"}],"about":[{"href":"https:\/\/drugagimnazija.hr\/index.php?rest_route=\/wp\/v2\/types\/post"}],"author":[{"embeddable":true,"href":"https:\/\/drugagimnazija.hr\/index.php?rest_route=\/wp\/v2\/users\/1"}],"replies":[{"embeddable":true,"href":"https:\/\/drugagimnazija.hr\/index.php?rest_route=%2Fwp%2Fv2%2Fcomments&post=8276"}],"version-history":[{"count":5,"href":"https:\/\/drugagimnazija.hr\/index.php?rest_route=\/wp\/v2\/posts\/8276\/revisions"}],"predecessor-version":[{"id":9426,"href":"https:\/\/drugagimnazija.hr\/index.php?rest_route=\/wp\/v2\/posts\/8276\/revisions\/9426"}],"wp:featuredmedia":[{"embeddable":true,"href":"https:\/\/drugagimnazija.hr\/index.php?rest_route=\/wp\/v2\/media\/8283"}],"wp:attachment":[{"href":"https:\/\/drugagimnazija.hr\/index.php?rest_route=%2Fwp%2Fv2%2Fmedia&parent=8276"}],"wp:term":[{"taxonomy":"category","embeddable":true,"href":"https:\/\/drugagimnazija.hr\/index.php?rest_route=%2Fwp%2Fv2%2Fcategories&post=8276"},{"taxonomy":"post_tag","embeddable":true,"href":"https:\/\/drugagimnazija.hr\/index.php?rest_route=%2Fwp%2Fv2%2Ftags&post=8276"}],"curies":[{"name":"wp","href":"https:\/\/api.w.org\/{rel}","templated":true}]}}