{"id":8263,"date":"2017-10-08T00:02:47","date_gmt":"2017-10-07T23:02:47","guid":{"rendered":"https:\/\/drugagimnazija.hr\/?p=8263"},"modified":"2024-02-01T16:41:10","modified_gmt":"2024-02-01T15:41:10","slug":"razmjena-ucenika","status":"publish","type":"post","link":"https:\/\/drugagimnazija.hr\/?p=8263","title":{"rendered":"Razmjena u\u010denika"},"content":{"rendered":"\n<p><strong>Na sedmodnevnu<a href=\"http:\/\/www.iisprimolevi.gov.it\/images\/stories\/Documenti\/DOCUMENTI-2017-2018\/Documenti\/Comunicato_stampa_-_Scambio_culturale_Spalato-Montebelluna_al_Liceo_Levi.pdf\" class=\"mtli_attachment mtli_pdf\">&nbsp;razmjenu&nbsp;<\/a>s gimnazijom&nbsp;<a href=\"http:\/\/www.iisprimolevi.gov.it\/\"><em><strong>Liceo Levi<\/strong><\/em><\/a>&nbsp;iz Montebelluna, 8. listopada 2017., \u010detrnaest na\u0161ih u\u010denika otputovalo je u Italiju. U\u010denici su bili u pratnji profesorica&nbsp;&nbsp;Katice Babarovi\u0107&nbsp;i&nbsp;Silvane Soldo.<\/strong><\/p>\n\n\n\n<figure class=\"wp-block-image size-full\"><img loading=\"lazy\" decoding=\"async\" width=\"800\" height=\"600\" src=\"https:\/\/drugagimnazija.hr\/wp-content\/uploads\/2024\/01\/lICEO-lEVI.png\" alt=\"\" class=\"wp-image-8267\" srcset=\"https:\/\/drugagimnazija.hr\/wp-content\/uploads\/2024\/01\/lICEO-lEVI.png 800w, https:\/\/drugagimnazija.hr\/wp-content\/uploads\/2024\/01\/lICEO-lEVI-300x225.png 300w, https:\/\/drugagimnazija.hr\/wp-content\/uploads\/2024\/01\/lICEO-lEVI-768x576.png 768w\" sizes=\"auto, (max-width: 800px) 100vw, 800px\" \/><\/figure>\n\n\n\n<p><\/p>\n","protected":false},"excerpt":{"rendered":"<p>Na sedmodnevnu&nbsp;razmjenu&nbsp;s gimnazijom&nbsp;Liceo Levi&nbsp;iz Montebelluna, 8. listopada 2017., \u010detrnaest na\u0161ih u\u010denika otputovalo je u Italiju. U\u010denici su bili u pratnji [&hellip;]<\/p>\n","protected":false},"author":1,"featured_media":8267,"comment_status":"closed","ping_status":"closed","sticky":false,"template":"","format":"standard","meta":{"cybocfi_hide_featured_image":"yes","footnotes":""},"categories":[2,111],"tags":[],"class_list":["post-8263","post","type-post","status-publish","format-standard","has-post-thumbnail","hentry","category-novosti","category-talijanski"],"_links":{"self":[{"href":"https:\/\/drugagimnazija.hr\/index.php?rest_route=\/wp\/v2\/posts\/8263","targetHints":{"allow":["GET"]}}],"collection":[{"href":"https:\/\/drugagimnazija.hr\/index.php?rest_route=\/wp\/v2\/posts"}],"about":[{"href":"https:\/\/drugagimnazija.hr\/index.php?rest_route=\/wp\/v2\/types\/post"}],"author":[{"embeddable":true,"href":"https:\/\/drugagimnazija.hr\/index.php?rest_route=\/wp\/v2\/users\/1"}],"replies":[{"embeddable":true,"href":"https:\/\/drugagimnazija.hr\/index.php?rest_route=%2Fwp%2Fv2%2Fcomments&post=8263"}],"version-history":[{"count":5,"href":"https:\/\/drugagimnazija.hr\/index.php?rest_route=\/wp\/v2\/posts\/8263\/revisions"}],"predecessor-version":[{"id":9431,"href":"https:\/\/drugagimnazija.hr\/index.php?rest_route=\/wp\/v2\/posts\/8263\/revisions\/9431"}],"wp:featuredmedia":[{"embeddable":true,"href":"https:\/\/drugagimnazija.hr\/index.php?rest_route=\/wp\/v2\/media\/8267"}],"wp:attachment":[{"href":"https:\/\/drugagimnazija.hr\/index.php?rest_route=%2Fwp%2Fv2%2Fmedia&parent=8263"}],"wp:term":[{"taxonomy":"category","embeddable":true,"href":"https:\/\/drugagimnazija.hr\/index.php?rest_route=%2Fwp%2Fv2%2Fcategories&post=8263"},{"taxonomy":"post_tag","embeddable":true,"href":"https:\/\/drugagimnazija.hr\/index.php?rest_route=%2Fwp%2Fv2%2Ftags&post=8263"}],"curies":[{"name":"wp","href":"https:\/\/api.w.org\/{rel}","templated":true}]}}