{"id":8256,"date":"2021-05-19T23:04:13","date_gmt":"2021-05-19T22:04:13","guid":{"rendered":"https:\/\/drugagimnazija.hr\/?p=8256"},"modified":"2024-01-31T18:58:53","modified_gmt":"2024-01-31T17:58:53","slug":"projekt-na-njemackom-jeziku-predstavljen-u-gradskoj-knjizenici-marka-marulica","status":"publish","type":"post","link":"https:\/\/drugagimnazija.hr\/?p=8256","title":{"rendered":"Projekt na njema\u010dkom jeziku predstavljen u GKMM"},"content":{"rendered":"\n<p>Projekt Hrvatskog dru\u0161tva u\u010ditelja&nbsp;i profesora njema\u010dkog jezika (KDV), u organizaciji Ministarstva vanjskih poslova i Savezne Republike Njema\u010dke i u suradnji s Njema\u010dkim veleposlanstvom u Zagrebu, zajedni\u010dki su ostvarile II. gimnazija i O\u0160 Split 3. <\/p>\n\n\n\n<figure data-wp-context=\"{&quot;imageId&quot;:&quot;69f3b1b620ccb&quot;}\" data-wp-interactive=\"core\/image\" data-wp-key=\"69f3b1b620ccb\" class=\"wp-block-image size-large wp-lightbox-container\"><img loading=\"lazy\" decoding=\"async\" width=\"1024\" height=\"576\" data-wp-class--hide=\"state.isContentHidden\" data-wp-class--show=\"state.isContentVisible\" data-wp-init=\"callbacks.setButtonStyles\" data-wp-on--click=\"actions.showLightbox\" data-wp-on--load=\"callbacks.setButtonStyles\" data-wp-on-window--resize=\"callbacks.setButtonStyles\" src=\"https:\/\/drugagimnazija.hr\/wp-content\/uploads\/2024\/01\/sl1-e1705679718463-1024x576.jpg\" alt=\"\" class=\"wp-image-8191\" srcset=\"https:\/\/drugagimnazija.hr\/wp-content\/uploads\/2024\/01\/sl1-e1705679718463-1024x576.jpg 1024w, https:\/\/drugagimnazija.hr\/wp-content\/uploads\/2024\/01\/sl1-e1705679718463-300x169.jpg 300w, https:\/\/drugagimnazija.hr\/wp-content\/uploads\/2024\/01\/sl1-e1705679718463-768x432.jpg 768w, https:\/\/drugagimnazija.hr\/wp-content\/uploads\/2024\/01\/sl1-e1705679718463.jpg 1150w\" sizes=\"auto, (max-width: 1024px) 100vw, 1024px\" \/><button\n\t\t\tclass=\"lightbox-trigger\"\n\t\t\ttype=\"button\"\n\t\t\taria-haspopup=\"dialog\"\n\t\t\taria-label=\"Uve\u0107aj\"\n\t\t\tdata-wp-init=\"callbacks.initTriggerButton\"\n\t\t\tdata-wp-on--click=\"actions.showLightbox\"\n\t\t\tdata-wp-style--right=\"state.imageButtonRight\"\n\t\t\tdata-wp-style--top=\"state.imageButtonTop\"\n\t\t>\n\t\t\t<svg xmlns=\"http:\/\/www.w3.org\/2000\/svg\" width=\"12\" height=\"12\" fill=\"none\" viewBox=\"0 0 12 12\">\n\t\t\t\t<path fill=\"#fff\" d=\"M2 0a2 2 0 0 0-2 2v2h1.5V2a.5.5 0 0 1 .5-.5h2V0H2Zm2 10.5H2a.5.5 0 0 1-.5-.5V8H0v2a2 2 0 0 0 2 2h2v-1.5ZM8 12v-1.5h2a.5.5 0 0 0 .5-.5V8H12v2a2 2 0 0 1-2 2H8Zm2-12a2 2 0 0 1 2 2v2h-1.5V2a.5.5 0 0 0-.5-.5H8V0h2Z\" \/>\n\t\t\t<\/svg>\n\t\t<\/button><\/figure>\n\n\n\n<p><\/p>\n\n\n\n<p><\/p>\n","protected":false},"excerpt":{"rendered":"<p>Projekt Hrvatskog dru\u0161tva u\u010ditelja&nbsp;i profesora njema\u010dkog jezika (KDV), u organizaciji Ministarstva vanjskih poslova i Savezne Republike Njema\u010dke i u suradnji [&hellip;]<\/p>\n","protected":false},"author":1,"featured_media":8191,"comment_status":"closed","ping_status":"closed","sticky":false,"template":"","format":"standard","meta":{"cybocfi_hide_featured_image":"yes","footnotes":""},"categories":[107,2],"tags":[139],"class_list":["post-8256","post","type-post","status-publish","format-standard","has-post-thumbnail","hentry","category-njemacki","category-novosti","tag-gradska-knjiznjca"],"_links":{"self":[{"href":"https:\/\/drugagimnazija.hr\/index.php?rest_route=\/wp\/v2\/posts\/8256","targetHints":{"allow":["GET"]}}],"collection":[{"href":"https:\/\/drugagimnazija.hr\/index.php?rest_route=\/wp\/v2\/posts"}],"about":[{"href":"https:\/\/drugagimnazija.hr\/index.php?rest_route=\/wp\/v2\/types\/post"}],"author":[{"embeddable":true,"href":"https:\/\/drugagimnazija.hr\/index.php?rest_route=\/wp\/v2\/users\/1"}],"replies":[{"embeddable":true,"href":"https:\/\/drugagimnazija.hr\/index.php?rest_route=%2Fwp%2Fv2%2Fcomments&post=8256"}],"version-history":[{"count":5,"href":"https:\/\/drugagimnazija.hr\/index.php?rest_route=\/wp\/v2\/posts\/8256\/revisions"}],"predecessor-version":[{"id":9418,"href":"https:\/\/drugagimnazija.hr\/index.php?rest_route=\/wp\/v2\/posts\/8256\/revisions\/9418"}],"wp:featuredmedia":[{"embeddable":true,"href":"https:\/\/drugagimnazija.hr\/index.php?rest_route=\/wp\/v2\/media\/8191"}],"wp:attachment":[{"href":"https:\/\/drugagimnazija.hr\/index.php?rest_route=%2Fwp%2Fv2%2Fmedia&parent=8256"}],"wp:term":[{"taxonomy":"category","embeddable":true,"href":"https:\/\/drugagimnazija.hr\/index.php?rest_route=%2Fwp%2Fv2%2Fcategories&post=8256"},{"taxonomy":"post_tag","embeddable":true,"href":"https:\/\/drugagimnazija.hr\/index.php?rest_route=%2Fwp%2Fv2%2Ftags&post=8256"}],"curies":[{"name":"wp","href":"https:\/\/api.w.org\/{rel}","templated":true}]}}