{"id":8248,"date":"2019-05-27T21:55:00","date_gmt":"2019-05-27T20:55:00","guid":{"rendered":"https:\/\/drugagimnazija.hr\/?p=8248"},"modified":"2024-01-31T18:42:02","modified_gmt":"2024-01-31T17:42:02","slug":"ponovo-u-parizu","status":"publish","type":"post","link":"https:\/\/drugagimnazija.hr\/?p=8248","title":{"rendered":"Ponovo u Parizu"},"content":{"rendered":"\n<p>Putovanje, koje smo toliko i\u0161\u010dekivali, zapo\u010delo je u nedjelju u kasnim ve\u010dernjim satima. <\/p>\n\n\n\n<figure class=\"wp-block-image size-full\"><img loading=\"lazy\" decoding=\"async\" width=\"960\" height=\"720\" src=\"https:\/\/drugagimnazija.hr\/wp-content\/uploads\/2024\/01\/IMG_0518.jpeg\" alt=\"\" class=\"wp-image-8249\" srcset=\"https:\/\/drugagimnazija.hr\/wp-content\/uploads\/2024\/01\/IMG_0518.jpeg 960w, https:\/\/drugagimnazija.hr\/wp-content\/uploads\/2024\/01\/IMG_0518-300x225.jpeg 300w, https:\/\/drugagimnazija.hr\/wp-content\/uploads\/2024\/01\/IMG_0518-768x576.jpeg 768w\" sizes=\"auto, (max-width: 960px) 100vw, 960px\" \/><\/figure>\n\n\n\n<p><strong><em>No\u0107ni pogled na Eiffelov toranj<\/em><\/strong><\/p>\n","protected":false},"excerpt":{"rendered":"<p>Putovanje, koje smo toliko i\u0161\u010dekivali, zapo\u010delo je u nedjelju u kasnim ve\u010dernjim satima. No\u0107ni pogled na Eiffelov toranj<\/p>\n","protected":false},"author":1,"featured_media":8249,"comment_status":"closed","ping_status":"closed","sticky":false,"template":"","format":"standard","meta":{"cybocfi_hide_featured_image":"yes","footnotes":""},"categories":[105,123],"tags":[],"class_list":["post-8248","post","type-post","status-publish","format-standard","has-post-thumbnail","hentry","category-francuski","category-studijska-putovanja"],"_links":{"self":[{"href":"https:\/\/drugagimnazija.hr\/index.php?rest_route=\/wp\/v2\/posts\/8248","targetHints":{"allow":["GET"]}}],"collection":[{"href":"https:\/\/drugagimnazija.hr\/index.php?rest_route=\/wp\/v2\/posts"}],"about":[{"href":"https:\/\/drugagimnazija.hr\/index.php?rest_route=\/wp\/v2\/types\/post"}],"author":[{"embeddable":true,"href":"https:\/\/drugagimnazija.hr\/index.php?rest_route=\/wp\/v2\/users\/1"}],"replies":[{"embeddable":true,"href":"https:\/\/drugagimnazija.hr\/index.php?rest_route=%2Fwp%2Fv2%2Fcomments&post=8248"}],"version-history":[{"count":4,"href":"https:\/\/drugagimnazija.hr\/index.php?rest_route=\/wp\/v2\/posts\/8248\/revisions"}],"predecessor-version":[{"id":9406,"href":"https:\/\/drugagimnazija.hr\/index.php?rest_route=\/wp\/v2\/posts\/8248\/revisions\/9406"}],"wp:featuredmedia":[{"embeddable":true,"href":"https:\/\/drugagimnazija.hr\/index.php?rest_route=\/wp\/v2\/media\/8249"}],"wp:attachment":[{"href":"https:\/\/drugagimnazija.hr\/index.php?rest_route=%2Fwp%2Fv2%2Fmedia&parent=8248"}],"wp:term":[{"taxonomy":"category","embeddable":true,"href":"https:\/\/drugagimnazija.hr\/index.php?rest_route=%2Fwp%2Fv2%2Fcategories&post=8248"},{"taxonomy":"post_tag","embeddable":true,"href":"https:\/\/drugagimnazija.hr\/index.php?rest_route=%2Fwp%2Fv2%2Ftags&post=8248"}],"curies":[{"name":"wp","href":"https:\/\/api.w.org\/{rel}","templated":true}]}}