{"id":8132,"date":"2022-11-02T02:57:39","date_gmt":"2022-11-02T01:57:39","guid":{"rendered":"https:\/\/drugagimnazija.hr\/?p=8132"},"modified":"2024-01-30T03:24:45","modified_gmt":"2024-01-30T02:24:45","slug":"knjizevni-susret-pisaca-i-ucenika-ii-gimnazije","status":"publish","type":"post","link":"https:\/\/drugagimnazija.hr\/?p=8132","title":{"rendered":"KNJI\u017dEVNI SUSRET PISACA I U\u010cENIKA II. GIMNAZIJE"},"content":{"rendered":"\n<p>Zavr\u0161na ve\u010der projekta&nbsp;<em>U\u010denici Druge \u010ditaju pisce Druge<\/em>&nbsp;odr\u017eana je u petak, 28. listopada 2022. godine. Ovom knji\u017eevnom susretu prisustvovali su mnogi sudionici projekta, kolege, prijatelji i mentori. Program su vodile&nbsp;Paula Kati\u0107&nbsp;i&nbsp;Ela Dlaka, u\u010denice 4.e razreda koje su iznimno profesionalnim vodstvom ovu manifestaciju uzdignule na jednu sve\u010danu razinu. Otvorile su ceremoniju \u010ditanjem pjesama&nbsp;Olje Savi\u010devi\u0107 Ivan\u010devi\u0107, splitske autorice i biv\u0161e u\u010denice II. gimnazije. Uslijedilo je predstavljanje spomenute autorice, a s njezinim&nbsp;\u017eivotom&nbsp;i radom upoznale su nas u\u010denice 3.a razreda:&nbsp;Marina \u0110uderija,&nbsp;Gorana Grubi\u0107&nbsp;i&nbsp;Leona Mati\u0107.<\/p>\n\n\n\n<figure class=\"wp-block-image size-large\"><img loading=\"lazy\" decoding=\"async\" width=\"1024\" height=\"683\" src=\"https:\/\/drugagimnazija.hr\/wp-content\/uploads\/2024\/01\/IMG-20221102-WA0008-1024x683.jpg\" alt=\"\" class=\"wp-image-8135\" srcset=\"https:\/\/drugagimnazija.hr\/wp-content\/uploads\/2024\/01\/IMG-20221102-WA0008-1024x683.jpg 1024w, https:\/\/drugagimnazija.hr\/wp-content\/uploads\/2024\/01\/IMG-20221102-WA0008-300x200.jpg 300w, https:\/\/drugagimnazija.hr\/wp-content\/uploads\/2024\/01\/IMG-20221102-WA0008-768x512.jpg 768w, https:\/\/drugagimnazija.hr\/wp-content\/uploads\/2024\/01\/IMG-20221102-WA0008-1536x1024.jpg 1536w, https:\/\/drugagimnazija.hr\/wp-content\/uploads\/2024\/01\/IMG-20221102-WA0008-1500x1000.jpg 1500w, https:\/\/drugagimnazija.hr\/wp-content\/uploads\/2024\/01\/IMG-20221102-WA0008.jpg 1599w\" sizes=\"auto, (max-width: 1024px) 100vw, 1024px\" \/><\/figure>\n\n\n\n<p>Spomenute su u\u010denice provele istra\u017eivanje o spisateljima koji su &nbsp;nekada poha\u0111ali na\u0161u \u0161kolu, a tada su predstavile rezultate svojega rada.<strong>&nbsp;Luiza Bouharaoua<\/strong>,&nbsp;<strong>Ivor Martini\u0107<\/strong>,&nbsp;<strong>Marko Poga\u010dar<\/strong>,&nbsp;<strong>Nina Sli\u0161kovi\u0107&nbsp;<\/strong>i&nbsp;<strong>Boris \u0160kifi\u0107<\/strong>&nbsp;imena su kojima se II. gimnazija zaista mo\u017ee di\u010diti. Malena Lorraine Alebi\u0107, Toni Budi\u0161a, Hana Kali\u010danin i Marija Radi\u0107 pro\u010ditali su pjesmu Marka Poga\u010dara i svojom su interpretacijom zaklju\u010dili izlaganje. Ipak, moramo priznati da nam je najve\u0107a \u010dast bila ugostiti&nbsp;<strong>Emu Boticu<\/strong>, spisateljicu i biv\u0161u u\u010denicu na\u0161e \u0161kole. O njezinu smo \u017eivotu i profesionalnom radu ne\u0161to vi\u0161e \u010duli od same autorice, a voditeljice su pro\u010ditale i njezine dvije pjesame.<\/p>\n\n\n\n<p>Na scenu su tada stupile u\u010denice Marija Radanovi\u0107, Laura Duki\u0107, Lea Ivanovi\u0107, Laura Roso, Marieta Jelavi\u0107 i Melanie Bio\u010di\u0107 i izlo\u017eile nam knji\u017eevni rad profesorice&nbsp;<strong>Magdalene Mr\u010dela<\/strong>. Svaka je u\u010denica predstavila izabrani naslov iz profesori\u010dina opusa, a iz njihovih osvrta bilo je odmah jasno da su Magdalenini romani njima omiljeno \u0161tivo. Uslijedilo je predstavljanje knji\u017eevnoga opusa&nbsp;<strong>Sare Kopeczky Baji\u0107<\/strong>, splitske spisateljice \u010dije je ime dobro poznato svima na knji\u017eevnoj sceni. Mia Milkovi\u0107, Ana \u017darkovi\u0107 i Ema Gabela u\u010denice su koje su pripremile zavr\u0161no predavanje o ovoj poznatoj autorici, a u njihovu predstavljanju pomogla im je mentorica, profesorica Mr\u010dela. Vjerujem da su svojim izlaganjem potaknule mnoge da odmah prionu na neko od spomenutih autori\u010dinih djela. I, kao \u0161e\u0107er na kraju, bilo je neizbje\u017eno spomenuti profesorice&nbsp;<strong>Aleksandru Pletikosi\u0107<\/strong>&nbsp;i&nbsp;<strong>Mariju Ljubenkov<\/strong>. Profesorica Pletikosi\u0107 suautorica je ud\u017ebenika \u0160kolske knjige iz matematike za 1. i 3. razred, a profesorica Ljubenkov Metodi\u010dkog priru\u010dnika \u0160kolske knjige za hrvatski jezik.<\/p>\n\n\n\n<p>Zahvaljujemo svim sudionicima i njihovim mentorima na uspje\u0161no provedenom projektu. Vidimo se uskoro na nekom sljede\u0107em susretu\u2026<\/p>\n\n\n\n<p>&nbsp;&nbsp;&nbsp;&nbsp;&nbsp;&nbsp;&nbsp;&nbsp;&nbsp;&nbsp;&nbsp;&nbsp;&nbsp;&nbsp;&nbsp;&nbsp;&nbsp;&nbsp;&nbsp;&nbsp;&nbsp;&nbsp;&nbsp;&nbsp;&nbsp;&nbsp;&nbsp;&nbsp;&nbsp;&nbsp;&nbsp;&nbsp;&nbsp;&nbsp;&nbsp;&nbsp;&nbsp;&nbsp;&nbsp;&nbsp;&nbsp;&nbsp;&nbsp;&nbsp;&nbsp;&nbsp;&nbsp;&nbsp;&nbsp;&nbsp;&nbsp;&nbsp;&nbsp;&nbsp;&nbsp;&nbsp;&nbsp;&nbsp;&nbsp;&nbsp;&nbsp;&nbsp;&nbsp;&nbsp;&nbsp;&nbsp;&nbsp;&nbsp;&nbsp;&nbsp;&nbsp;&nbsp;&nbsp;&nbsp;&nbsp;&nbsp;&nbsp;&nbsp;&nbsp;&nbsp;&nbsp;&nbsp;&nbsp;&nbsp;&nbsp;&nbsp;&nbsp;&nbsp;&nbsp;&nbsp;&nbsp;&nbsp;&nbsp;&nbsp;&nbsp;&nbsp;&nbsp;&nbsp;&nbsp;&nbsp;&nbsp;&nbsp;&nbsp;&nbsp;&nbsp;&nbsp;&nbsp;&nbsp;&nbsp;&nbsp;&nbsp;&nbsp; Mia Ami\u017ei\u0107<\/p>\n\n\n\n<p>Sudionici projekta&nbsp;<a href=\"http:\/\/gimnazija-druga-st.skole.hr\/upload\/gimnazija-druga-st\/images\/newsimg\/1153\/File\/U%C4%8CENICI%20DRUGE%20%C4%8CITAJU%20PISCE%20DRUGE%20TABELA1.docx\"><em>U\u010denici Druge \u010ditaju pisce Druge<\/em><\/a><\/p>\n\n\n\n<p><\/p>\n","protected":false},"excerpt":{"rendered":"<p>Zavr\u0161na ve\u010der projekta&nbsp;U\u010denici Druge \u010ditaju pisce Druge&nbsp;odr\u017eana je u petak, 28. listopada 2022. godine. Ovom knji\u017eevnom susretu prisustvovali su mnogi [&hellip;]<\/p>\n","protected":false},"author":1,"featured_media":8135,"comment_status":"closed","ping_status":"closed","sticky":false,"template":"","format":"standard","meta":{"cybocfi_hide_featured_image":"yes","footnotes":""},"categories":[2,100],"tags":[],"class_list":["post-8132","post","type-post","status-publish","format-standard","has-post-thumbnail","hentry","category-novosti","category-projekti-u-knjiznici"],"_links":{"self":[{"href":"https:\/\/drugagimnazija.hr\/index.php?rest_route=\/wp\/v2\/posts\/8132","targetHints":{"allow":["GET"]}}],"collection":[{"href":"https:\/\/drugagimnazija.hr\/index.php?rest_route=\/wp\/v2\/posts"}],"about":[{"href":"https:\/\/drugagimnazija.hr\/index.php?rest_route=\/wp\/v2\/types\/post"}],"author":[{"embeddable":true,"href":"https:\/\/drugagimnazija.hr\/index.php?rest_route=\/wp\/v2\/users\/1"}],"replies":[{"embeddable":true,"href":"https:\/\/drugagimnazija.hr\/index.php?rest_route=%2Fwp%2Fv2%2Fcomments&post=8132"}],"version-history":[{"count":5,"href":"https:\/\/drugagimnazija.hr\/index.php?rest_route=\/wp\/v2\/posts\/8132\/revisions"}],"predecessor-version":[{"id":9307,"href":"https:\/\/drugagimnazija.hr\/index.php?rest_route=\/wp\/v2\/posts\/8132\/revisions\/9307"}],"wp:featuredmedia":[{"embeddable":true,"href":"https:\/\/drugagimnazija.hr\/index.php?rest_route=\/wp\/v2\/media\/8135"}],"wp:attachment":[{"href":"https:\/\/drugagimnazija.hr\/index.php?rest_route=%2Fwp%2Fv2%2Fmedia&parent=8132"}],"wp:term":[{"taxonomy":"category","embeddable":true,"href":"https:\/\/drugagimnazija.hr\/index.php?rest_route=%2Fwp%2Fv2%2Fcategories&post=8132"},{"taxonomy":"post_tag","embeddable":true,"href":"https:\/\/drugagimnazija.hr\/index.php?rest_route=%2Fwp%2Fv2%2Ftags&post=8132"}],"curies":[{"name":"wp","href":"https:\/\/api.w.org\/{rel}","templated":true}]}}