{"id":8107,"date":"2022-11-09T01:09:49","date_gmt":"2022-11-09T00:09:49","guid":{"rendered":"https:\/\/drugagimnazija.hr\/?p=8107"},"modified":"2024-02-26T15:25:48","modified_gmt":"2024-02-26T14:25:48","slug":"financijska-pismenost-financial-literacy-treci-modul-erasmus-u-slovackoj","status":"publish","type":"post","link":"https:\/\/drugagimnazija.hr\/?p=8107","title":{"rendered":"FINANCIJSKA PISMENOST (FINANCIAL LITERACY) &#8211; TRE\u0106I MODUL ERASMUS + U SLOVA\u010cKOJ"},"content":{"rendered":"\n<p>S dolaskom nove \u0161kolske godine do\u0161lo je vrijeme i za tre\u0107i modul na\u0161eg Erasmus + projekta \u201eIntegrated Literacy in Action\u201c. <\/p>\n\n\n<div class=\"wp-block-image\">\n<figure class=\"aligncenter size-large is-resized\"><img loading=\"lazy\" decoding=\"async\" width=\"1024\" height=\"768\" src=\"https:\/\/drugagimnazija.hr\/wp-content\/uploads\/2024\/01\/Kosice-1024x768.jpg\" alt=\"\" class=\"wp-image-8111\" style=\"width:604px;height:auto\" srcset=\"https:\/\/drugagimnazija.hr\/wp-content\/uploads\/2024\/01\/Kosice-1024x768.jpg 1024w, https:\/\/drugagimnazija.hr\/wp-content\/uploads\/2024\/01\/Kosice-300x225.jpg 300w, https:\/\/drugagimnazija.hr\/wp-content\/uploads\/2024\/01\/Kosice-768x576.jpg 768w, https:\/\/drugagimnazija.hr\/wp-content\/uploads\/2024\/01\/Kosice-1536x1152.jpg 1536w, https:\/\/drugagimnazija.hr\/wp-content\/uploads\/2024\/01\/Kosice.jpg 1600w\" sizes=\"auto, (max-width: 1024px) 100vw, 1024px\" \/><\/figure>\n<\/div>\n\n\n<p><\/p>\n\n\n\n<div class=\"wp-block-columns are-vertically-aligned-top is-layout-flex wp-container-core-columns-is-layout-9d6595d7 wp-block-columns-is-layout-flex\">\n<div class=\"wp-block-column is-vertically-aligned-top is-layout-flow wp-block-column-is-layout-flow\" style=\"flex-basis:100%\"><\/div>\n<\/div>\n\n\n\n<div class=\"wp-block-group\"><div class=\"wp-block-group__inner-container is-layout-constrained wp-block-group-is-layout-constrained\"><\/div><\/div>\n","protected":false},"excerpt":{"rendered":"<p>S dolaskom nove \u0161kolske godine do\u0161lo je vrijeme i za tre\u0107i modul na\u0161eg Erasmus + projekta \u201eIntegrated Literacy in Action\u201c.<\/p>\n","protected":false},"author":1,"featured_media":8111,"comment_status":"closed","ping_status":"closed","sticky":false,"template":"","format":"standard","meta":{"cybocfi_hide_featured_image":"yes","footnotes":""},"categories":[101,2],"tags":[],"class_list":["post-8107","post","type-post","status-publish","format-standard","has-post-thumbnail","hentry","category-erasmus","category-novosti"],"_links":{"self":[{"href":"https:\/\/drugagimnazija.hr\/index.php?rest_route=\/wp\/v2\/posts\/8107","targetHints":{"allow":["GET"]}}],"collection":[{"href":"https:\/\/drugagimnazija.hr\/index.php?rest_route=\/wp\/v2\/posts"}],"about":[{"href":"https:\/\/drugagimnazija.hr\/index.php?rest_route=\/wp\/v2\/types\/post"}],"author":[{"embeddable":true,"href":"https:\/\/drugagimnazija.hr\/index.php?rest_route=\/wp\/v2\/users\/1"}],"replies":[{"embeddable":true,"href":"https:\/\/drugagimnazija.hr\/index.php?rest_route=%2Fwp%2Fv2%2Fcomments&post=8107"}],"version-history":[{"count":5,"href":"https:\/\/drugagimnazija.hr\/index.php?rest_route=\/wp\/v2\/posts\/8107\/revisions"}],"predecessor-version":[{"id":9582,"href":"https:\/\/drugagimnazija.hr\/index.php?rest_route=\/wp\/v2\/posts\/8107\/revisions\/9582"}],"wp:featuredmedia":[{"embeddable":true,"href":"https:\/\/drugagimnazija.hr\/index.php?rest_route=\/wp\/v2\/media\/8111"}],"wp:attachment":[{"href":"https:\/\/drugagimnazija.hr\/index.php?rest_route=%2Fwp%2Fv2%2Fmedia&parent=8107"}],"wp:term":[{"taxonomy":"category","embeddable":true,"href":"https:\/\/drugagimnazija.hr\/index.php?rest_route=%2Fwp%2Fv2%2Fcategories&post=8107"},{"taxonomy":"post_tag","embeddable":true,"href":"https:\/\/drugagimnazija.hr\/index.php?rest_route=%2Fwp%2Fv2%2Ftags&post=8107"}],"curies":[{"name":"wp","href":"https:\/\/api.w.org\/{rel}","templated":true}]}}