{"id":8007,"date":"2023-10-18T23:58:00","date_gmt":"2023-10-18T22:58:00","guid":{"rendered":"https:\/\/drugagimnazija.hr\/?p=8007"},"modified":"2024-01-30T04:10:43","modified_gmt":"2024-01-30T03:10:43","slug":"im-my-own-sunset","status":"publish","type":"post","link":"https:\/\/drugagimnazija.hr\/?p=8007","title":{"rendered":"I&#8217;M MY OWN SUNSET"},"content":{"rendered":"\n<p>Do\u0161lo je vrijeme za novi natje\u010daj u pisanju na engleskom jeziku! <img loading=\"lazy\" decoding=\"async\" width=\"16\" height=\"16\" src=\"https:\/\/static.xx.fbcdn.net\/images\/emoji.php\/v9\/tcc\/1\/16\/1f4dd.png\" alt=\"?\"><img loading=\"lazy\" decoding=\"async\" width=\"16\" height=\"16\" src=\"https:\/\/static.xx.fbcdn.net\/images\/emoji.php\/v9\/t9e\/1\/16\/1f4d6.png\" alt=\"?\"> Inspirirani poezijom Amande Lovelace, tema je ovogodi\u0161njeg natje\u010daja &#8220;I&#8217;m my own sunset&#8221;<img loading=\"lazy\" decoding=\"async\" width=\"16\" height=\"16\" src=\"https:\/\/static.xx.fbcdn.net\/images\/emoji.php\/v9\/tbe\/1\/16\/1f30c.png\" alt=\"?\"><img loading=\"lazy\" decoding=\"async\" width=\"16\" height=\"16\" src=\"https:\/\/static.xx.fbcdn.net\/images\/emoji.php\/v9\/t11\/1\/16\/1f306.png\" alt=\"?\">&nbsp; Pozivamo sve pisce i pjesnike da nam \u0161alju svoje radove na engleskom jeziku. Veselimo se va\u0161im uratcima! <img loading=\"lazy\" decoding=\"async\" width=\"16\" height=\"16\" src=\"https:\/\/static.xx.fbcdn.net\/images\/emoji.php\/v9\/t7b\/1\/16\/1f44c.png\" alt=\"?\"><img loading=\"lazy\" decoding=\"async\" width=\"16\" height=\"16\" src=\"https:\/\/static.xx.fbcdn.net\/images\/emoji.php\/v9\/t58\/1\/16\/1f929.png\" alt=\"?\"><\/p>\n\n\n\n<figure class=\"wp-block-image size-full is-resized\"><img loading=\"lazy\" decoding=\"async\" width=\"600\" height=\"600\" src=\"https:\/\/drugagimnazija.hr\/wp-content\/uploads\/2022\/05\/STAR.jpg\" alt=\"\" class=\"wp-image-7048\" style=\"width:842px;height:auto\" srcset=\"https:\/\/drugagimnazija.hr\/wp-content\/uploads\/2022\/05\/STAR.jpg 600w, https:\/\/drugagimnazija.hr\/wp-content\/uploads\/2022\/05\/STAR-300x300.jpg 300w, https:\/\/drugagimnazija.hr\/wp-content\/uploads\/2022\/05\/STAR-150x150.jpg 150w, https:\/\/drugagimnazija.hr\/wp-content\/uploads\/2022\/05\/STAR-500x500.jpg 500w\" sizes=\"auto, (max-width: 600px) 100vw, 600px\" \/><\/figure>\n","protected":false},"excerpt":{"rendered":"<p>Do\u0161lo je vrijeme za novi natje\u010daj u pisanju na engleskom jeziku! Inspirirani poezijom Amande Lovelace, tema je ovogodi\u0161njeg natje\u010daja &#8220;I&#8217;m [&hellip;]<\/p>\n","protected":false},"author":1,"featured_media":7048,"comment_status":"closed","ping_status":"open","sticky":false,"template":"","format":"standard","meta":{"cybocfi_hide_featured_image":"yes","footnotes":""},"categories":[106,2],"tags":[],"class_list":["post-8007","post","type-post","status-publish","format-standard","has-post-thumbnail","hentry","category-engleski","category-novosti"],"_links":{"self":[{"href":"https:\/\/drugagimnazija.hr\/index.php?rest_route=\/wp\/v2\/posts\/8007","targetHints":{"allow":["GET"]}}],"collection":[{"href":"https:\/\/drugagimnazija.hr\/index.php?rest_route=\/wp\/v2\/posts"}],"about":[{"href":"https:\/\/drugagimnazija.hr\/index.php?rest_route=\/wp\/v2\/types\/post"}],"author":[{"embeddable":true,"href":"https:\/\/drugagimnazija.hr\/index.php?rest_route=\/wp\/v2\/users\/1"}],"replies":[{"embeddable":true,"href":"https:\/\/drugagimnazija.hr\/index.php?rest_route=%2Fwp%2Fv2%2Fcomments&post=8007"}],"version-history":[{"count":5,"href":"https:\/\/drugagimnazija.hr\/index.php?rest_route=\/wp\/v2\/posts\/8007\/revisions"}],"predecessor-version":[{"id":9324,"href":"https:\/\/drugagimnazija.hr\/index.php?rest_route=\/wp\/v2\/posts\/8007\/revisions\/9324"}],"wp:featuredmedia":[{"embeddable":true,"href":"https:\/\/drugagimnazija.hr\/index.php?rest_route=\/wp\/v2\/media\/7048"}],"wp:attachment":[{"href":"https:\/\/drugagimnazija.hr\/index.php?rest_route=%2Fwp%2Fv2%2Fmedia&parent=8007"}],"wp:term":[{"taxonomy":"category","embeddable":true,"href":"https:\/\/drugagimnazija.hr\/index.php?rest_route=%2Fwp%2Fv2%2Fcategories&post=8007"},{"taxonomy":"post_tag","embeddable":true,"href":"https:\/\/drugagimnazija.hr\/index.php?rest_route=%2Fwp%2Fv2%2Ftags&post=8007"}],"curies":[{"name":"wp","href":"https:\/\/api.w.org\/{rel}","templated":true}]}}