{"id":7972,"date":"2023-12-20T18:00:12","date_gmt":"2023-12-20T17:00:12","guid":{"rendered":"https:\/\/drugagimnazija.hr\/?p=7972"},"modified":"2024-01-31T16:39:20","modified_gmt":"2024-01-31T15:39:20","slug":"citanje-u-fokusu","status":"publish","type":"post","link":"https:\/\/drugagimnazija.hr\/?p=7972","title":{"rendered":"\u010citanje u fokusu"},"content":{"rendered":"\n<p>Blagdansko raspolo\u017eenje uljep\u0161ao je odlazak na\u0161ih u\u010denika na izlet u Zagreb, na zavr\u0161nicu tre\u0107ega ciklusa projekta \u010citanje u fokusu. <\/p>\n","protected":false},"excerpt":{"rendered":"<p>Blagdansko raspolo\u017eenje uljep\u0161ao je odlazak na\u0161ih u\u010denika na izlet u Zagreb, na zavr\u0161nicu tre\u0107ega ciklusa projekta \u010citanje u fokusu.<\/p>\n","protected":false},"author":2,"featured_media":7973,"comment_status":"closed","ping_status":"closed","sticky":false,"template":"","format":"standard","meta":{"cybocfi_hide_featured_image":"yes","footnotes":""},"categories":[109,2],"tags":[],"class_list":["post-7972","post","type-post","status-publish","format-standard","has-post-thumbnail","hentry","category-hrvatski","category-novosti"],"_links":{"self":[{"href":"https:\/\/drugagimnazija.hr\/index.php?rest_route=\/wp\/v2\/posts\/7972","targetHints":{"allow":["GET"]}}],"collection":[{"href":"https:\/\/drugagimnazija.hr\/index.php?rest_route=\/wp\/v2\/posts"}],"about":[{"href":"https:\/\/drugagimnazija.hr\/index.php?rest_route=\/wp\/v2\/types\/post"}],"author":[{"embeddable":true,"href":"https:\/\/drugagimnazija.hr\/index.php?rest_route=\/wp\/v2\/users\/2"}],"replies":[{"embeddable":true,"href":"https:\/\/drugagimnazija.hr\/index.php?rest_route=%2Fwp%2Fv2%2Fcomments&post=7972"}],"version-history":[{"count":4,"href":"https:\/\/drugagimnazija.hr\/index.php?rest_route=\/wp\/v2\/posts\/7972\/revisions"}],"predecessor-version":[{"id":9397,"href":"https:\/\/drugagimnazija.hr\/index.php?rest_route=\/wp\/v2\/posts\/7972\/revisions\/9397"}],"wp:featuredmedia":[{"embeddable":true,"href":"https:\/\/drugagimnazija.hr\/index.php?rest_route=\/wp\/v2\/media\/7973"}],"wp:attachment":[{"href":"https:\/\/drugagimnazija.hr\/index.php?rest_route=%2Fwp%2Fv2%2Fmedia&parent=7972"}],"wp:term":[{"taxonomy":"category","embeddable":true,"href":"https:\/\/drugagimnazija.hr\/index.php?rest_route=%2Fwp%2Fv2%2Fcategories&post=7972"},{"taxonomy":"post_tag","embeddable":true,"href":"https:\/\/drugagimnazija.hr\/index.php?rest_route=%2Fwp%2Fv2%2Ftags&post=7972"}],"curies":[{"name":"wp","href":"https:\/\/api.w.org\/{rel}","templated":true}]}}