{"id":7259,"date":"2023-11-21T17:14:23","date_gmt":"2023-11-21T17:14:23","guid":{"rendered":"https:\/\/drugagimnazija.hr\/?p=7259"},"modified":"2024-01-30T03:42:43","modified_gmt":"2024-01-30T02:42:43","slug":"dani-kruha-i-zahvalnosti-za-plodove-zemlje","status":"publish","type":"post","link":"https:\/\/drugagimnazija.hr\/?p=7259","title":{"rendered":"Dani kruha i zahvalnosti za plodove zemlje"},"content":{"rendered":"\n<p>Na\u0161i u\u010denici i njihovi mentori (prof. Politeo, prof. Repani\u0107. i prof. Stipica) ni ove godine nisu zaboravili na Dane kruha i zahvalnosti za plodove zemlje. Priredili su nam slastice i pokazali svoje likovno umije\u0107e, a Petra Bekavac, u\u010denica 3.c razreda, pripremila je za sve vas ovaj edukativni video.<\/p>\n\n\n\n<p><a href=\"https:\/\/www.facebook.com\/100076060777392\/videos\/356212120237720\">https:\/\/www.facebook.com\/100076060777392\/videos\/356212120237720<\/a><\/p>\n","protected":false},"excerpt":{"rendered":"<p>Na\u0161i u\u010denici i njihovi mentori (prof. Politeo, prof. Repani\u0107. i prof. Stipica) ni ove godine nisu zaboravili na Dane kruha [&hellip;]<\/p>\n","protected":false},"author":2,"featured_media":7996,"comment_status":"closed","ping_status":"closed","sticky":false,"template":"","format":"standard","meta":{"cybocfi_hide_featured_image":"yes","footnotes":""},"categories":[118,2],"tags":[],"class_list":["post-7259","post","type-post","status-publish","format-standard","has-post-thumbnail","hentry","category-geografija","category-novosti"],"_links":{"self":[{"href":"https:\/\/drugagimnazija.hr\/index.php?rest_route=\/wp\/v2\/posts\/7259","targetHints":{"allow":["GET"]}}],"collection":[{"href":"https:\/\/drugagimnazija.hr\/index.php?rest_route=\/wp\/v2\/posts"}],"about":[{"href":"https:\/\/drugagimnazija.hr\/index.php?rest_route=\/wp\/v2\/types\/post"}],"author":[{"embeddable":true,"href":"https:\/\/drugagimnazija.hr\/index.php?rest_route=\/wp\/v2\/users\/2"}],"replies":[{"embeddable":true,"href":"https:\/\/drugagimnazija.hr\/index.php?rest_route=%2Fwp%2Fv2%2Fcomments&post=7259"}],"version-history":[{"count":5,"href":"https:\/\/drugagimnazija.hr\/index.php?rest_route=\/wp\/v2\/posts\/7259\/revisions"}],"predecessor-version":[{"id":9314,"href":"https:\/\/drugagimnazija.hr\/index.php?rest_route=\/wp\/v2\/posts\/7259\/revisions\/9314"}],"wp:featuredmedia":[{"embeddable":true,"href":"https:\/\/drugagimnazija.hr\/index.php?rest_route=\/wp\/v2\/media\/7996"}],"wp:attachment":[{"href":"https:\/\/drugagimnazija.hr\/index.php?rest_route=%2Fwp%2Fv2%2Fmedia&parent=7259"}],"wp:term":[{"taxonomy":"category","embeddable":true,"href":"https:\/\/drugagimnazija.hr\/index.php?rest_route=%2Fwp%2Fv2%2Fcategories&post=7259"},{"taxonomy":"post_tag","embeddable":true,"href":"https:\/\/drugagimnazija.hr\/index.php?rest_route=%2Fwp%2Fv2%2Ftags&post=7259"}],"curies":[{"name":"wp","href":"https:\/\/api.w.org\/{rel}","templated":true}]}}