{"id":7254,"date":"2023-11-21T17:03:41","date_gmt":"2023-11-21T17:03:41","guid":{"rendered":"https:\/\/drugagimnazija.hr\/?p=7254"},"modified":"2024-01-31T18:37:21","modified_gmt":"2024-01-31T17:37:21","slug":"druga-a-la-francaise","status":"publish","type":"post","link":"https:\/\/drugagimnazija.hr\/?p=7254","title":{"rendered":"Druga \u00e0 la fran\u00e7aise"},"content":{"rendered":"\n<p>Na\u0161i u\u010denici prvih i drugih razreda, pod vodstvom prof. Mar\u0111oki\u0107, predstavili su nam dr\u017eave svijeta &#8220;na francuski na\u010din&#8221; i tako nam otvorili pogled na svijet iz druga\u010dije perspektive. <\/p>\n\n\n\n<figure class=\"wp-block-image size-large\"><img loading=\"lazy\" decoding=\"async\" width=\"1024\" height=\"625\" src=\"https:\/\/drugagimnazija.hr\/wp-content\/uploads\/2023\/11\/franc1-1024x625.jpg\" alt=\"\" class=\"wp-image-7994\" srcset=\"https:\/\/drugagimnazija.hr\/wp-content\/uploads\/2023\/11\/franc1-1024x625.jpg 1024w, https:\/\/drugagimnazija.hr\/wp-content\/uploads\/2023\/11\/franc1-300x183.jpg 300w, https:\/\/drugagimnazija.hr\/wp-content\/uploads\/2023\/11\/franc1-768x469.jpg 768w, https:\/\/drugagimnazija.hr\/wp-content\/uploads\/2023\/11\/franc1-1536x938.jpg 1536w, https:\/\/drugagimnazija.hr\/wp-content\/uploads\/2023\/11\/franc1.jpg 1600w\" sizes=\"auto, (max-width: 1024px) 100vw, 1024px\" \/><\/figure>\n\n\n\n<p><\/p>\n\n\n\n<figure class=\"wp-block-image size-large\"><img loading=\"lazy\" decoding=\"async\" width=\"1024\" height=\"575\" src=\"https:\/\/drugagimnazija.hr\/wp-content\/uploads\/2024\/01\/franc2-1024x575.jpg\" alt=\"\" class=\"wp-image-8841\" srcset=\"https:\/\/drugagimnazija.hr\/wp-content\/uploads\/2024\/01\/franc2-1024x575.jpg 1024w, https:\/\/drugagimnazija.hr\/wp-content\/uploads\/2024\/01\/franc2-300x168.jpg 300w, https:\/\/drugagimnazija.hr\/wp-content\/uploads\/2024\/01\/franc2-768x431.jpg 768w, https:\/\/drugagimnazija.hr\/wp-content\/uploads\/2024\/01\/franc2-1536x862.jpg 1536w, https:\/\/drugagimnazija.hr\/wp-content\/uploads\/2024\/01\/franc2.jpg 1600w\" sizes=\"auto, (max-width: 1024px) 100vw, 1024px\" \/><\/figure>\n","protected":false},"excerpt":{"rendered":"<p>Na\u0161i u\u010denici prvih i drugih razreda, pod vodstvom prof. Mar\u0111oki\u0107, predstavili su nam dr\u017eave svijeta &#8220;na francuski na\u010din&#8221; i tako [&hellip;]<\/p>\n","protected":false},"author":2,"featured_media":7994,"comment_status":"closed","ping_status":"closed","sticky":false,"template":"","format":"standard","meta":{"cybocfi_hide_featured_image":"yes","footnotes":""},"categories":[105,2],"tags":[],"class_list":["post-7254","post","type-post","status-publish","format-standard","has-post-thumbnail","hentry","category-francuski","category-novosti"],"_links":{"self":[{"href":"https:\/\/drugagimnazija.hr\/index.php?rest_route=\/wp\/v2\/posts\/7254","targetHints":{"allow":["GET"]}}],"collection":[{"href":"https:\/\/drugagimnazija.hr\/index.php?rest_route=\/wp\/v2\/posts"}],"about":[{"href":"https:\/\/drugagimnazija.hr\/index.php?rest_route=\/wp\/v2\/types\/post"}],"author":[{"embeddable":true,"href":"https:\/\/drugagimnazija.hr\/index.php?rest_route=\/wp\/v2\/users\/2"}],"replies":[{"embeddable":true,"href":"https:\/\/drugagimnazija.hr\/index.php?rest_route=%2Fwp%2Fv2%2Fcomments&post=7254"}],"version-history":[{"count":5,"href":"https:\/\/drugagimnazija.hr\/index.php?rest_route=\/wp\/v2\/posts\/7254\/revisions"}],"predecessor-version":[{"id":9403,"href":"https:\/\/drugagimnazija.hr\/index.php?rest_route=\/wp\/v2\/posts\/7254\/revisions\/9403"}],"wp:featuredmedia":[{"embeddable":true,"href":"https:\/\/drugagimnazija.hr\/index.php?rest_route=\/wp\/v2\/media\/7994"}],"wp:attachment":[{"href":"https:\/\/drugagimnazija.hr\/index.php?rest_route=%2Fwp%2Fv2%2Fmedia&parent=7254"}],"wp:term":[{"taxonomy":"category","embeddable":true,"href":"https:\/\/drugagimnazija.hr\/index.php?rest_route=%2Fwp%2Fv2%2Fcategories&post=7254"},{"taxonomy":"post_tag","embeddable":true,"href":"https:\/\/drugagimnazija.hr\/index.php?rest_route=%2Fwp%2Fv2%2Ftags&post=7254"}],"curies":[{"name":"wp","href":"https:\/\/api.w.org\/{rel}","templated":true}]}}