{"id":7251,"date":"2023-11-21T17:01:23","date_gmt":"2023-11-21T17:01:23","guid":{"rendered":"https:\/\/drugagimnazija.hr\/?p=7251"},"modified":"2024-01-25T04:53:20","modified_gmt":"2024-01-25T03:53:20","slug":"razgovor-s-finskom-knjizevnicom-elinom-hirvonen","status":"publish","type":"post","link":"https:\/\/drugagimnazija.hr\/?p=7251","title":{"rendered":"Razgovor s finskom knji\u017eevnicom Elinom Hirvonen"},"content":{"rendered":"\n<p>Na\u0161i su u\u010denici, sudionici tre\u0107ega ciklusa europskoga projekta, u organizaciji Naklade Ljevak, AZOO-a, MZO-a i Ministarstva kulture, sudjelovali u razgovoru s finskom knji\u017eevnicom Elinom Hirvonen, autoricom bestselera &#8220;Kad ponestane vremena&#8221; \u010dije je hrvatsko izdanje promovirano 7.11., samo dan prije spomenutoga susreta. Hirvonen je probudila interes hrvatske javnosti pa razgovor s njome mo\u017eete pro\u010ditati na prilo\u017eenoj poveznici. Nadamo se da \u0107ete posegnuti za ovim romanom!<\/p>\n\n\n\n<figure class=\"wp-block-embed is-type-video is-provider-youtube wp-block-embed-youtube wp-embed-aspect-16-9 wp-has-aspect-ratio\"><div class=\"wp-block-embed__wrapper\">\n<iframe loading=\"lazy\" title=\"Elina Hirvonen: \u201c\u010citanje je u sr\u017ei demokracije\u201d\" width=\"1150\" height=\"647\" src=\"https:\/\/www.youtube.com\/embed\/csxDOBxbEnk?feature=oembed\" frameborder=\"0\" allow=\"accelerometer; autoplay; clipboard-write; encrypted-media; gyroscope; picture-in-picture; web-share\" allowfullscreen><\/iframe>\n<\/div><\/figure>\n","protected":false},"excerpt":{"rendered":"<p>Na\u0161i su u\u010denici, sudionici tre\u0107ega ciklusa europskoga projekta, u organizaciji Naklade Ljevak, AZOO-a, MZO-a i Ministarstva kulture, sudjelovali u razgovoru [&hellip;]<\/p>\n","protected":false},"author":2,"featured_media":7991,"comment_status":"closed","ping_status":"closed","sticky":false,"template":"","format":"standard","meta":{"cybocfi_hide_featured_image":"yes","footnotes":""},"categories":[2],"tags":[],"class_list":["post-7251","post","type-post","status-publish","format-standard","has-post-thumbnail","hentry","category-novosti"],"_links":{"self":[{"href":"https:\/\/drugagimnazija.hr\/index.php?rest_route=\/wp\/v2\/posts\/7251","targetHints":{"allow":["GET"]}}],"collection":[{"href":"https:\/\/drugagimnazija.hr\/index.php?rest_route=\/wp\/v2\/posts"}],"about":[{"href":"https:\/\/drugagimnazija.hr\/index.php?rest_route=\/wp\/v2\/types\/post"}],"author":[{"embeddable":true,"href":"https:\/\/drugagimnazija.hr\/index.php?rest_route=\/wp\/v2\/users\/2"}],"replies":[{"embeddable":true,"href":"https:\/\/drugagimnazija.hr\/index.php?rest_route=%2Fwp%2Fv2%2Fcomments&post=7251"}],"version-history":[{"count":5,"href":"https:\/\/drugagimnazija.hr\/index.php?rest_route=\/wp\/v2\/posts\/7251\/revisions"}],"predecessor-version":[{"id":8593,"href":"https:\/\/drugagimnazija.hr\/index.php?rest_route=\/wp\/v2\/posts\/7251\/revisions\/8593"}],"wp:featuredmedia":[{"embeddable":true,"href":"https:\/\/drugagimnazija.hr\/index.php?rest_route=\/wp\/v2\/media\/7991"}],"wp:attachment":[{"href":"https:\/\/drugagimnazija.hr\/index.php?rest_route=%2Fwp%2Fv2%2Fmedia&parent=7251"}],"wp:term":[{"taxonomy":"category","embeddable":true,"href":"https:\/\/drugagimnazija.hr\/index.php?rest_route=%2Fwp%2Fv2%2Fcategories&post=7251"},{"taxonomy":"post_tag","embeddable":true,"href":"https:\/\/drugagimnazija.hr\/index.php?rest_route=%2Fwp%2Fv2%2Ftags&post=7251"}],"curies":[{"name":"wp","href":"https:\/\/api.w.org\/{rel}","templated":true}]}}