{"id":7247,"date":"2023-11-21T16:53:11","date_gmt":"2023-11-21T16:53:11","guid":{"rendered":"https:\/\/drugagimnazija.hr\/?p=7247"},"modified":"2024-06-04T16:43:04","modified_gmt":"2024-06-04T15:43:04","slug":"sjecanje-na-vukovar","status":"publish","type":"post","link":"https:\/\/drugagimnazija.hr\/?p=7247","title":{"rendered":"Sje\u0107anje na Vukovar"},"content":{"rendered":"\n<p class=\"has-text-align-left\">Dan sje\u0107anja na \u017ertve Domovinskog rata i Dan sje\u0107anja na \u017ertvu Vukovara i \u0160kabrnje (18.11.) skre\u0107e nam misli na ono bitno, na ljude kojima dugujemo toliko mnogo\u2026 Na\u0161i su u\u010denici ovih dana pisali pjesme i prozu, crtali i fotografirali motive herojskog grada Vukovara te molili i palili svije\u0107e kako bi iskazali du\u017enu \u010dast i po\u0161tovanje svim zaslu\u017enim braniteljima i \u017ertvama koje su sanjale slobodu. Neka im je vje\u010dna hvala!<\/p>\n","protected":false},"excerpt":{"rendered":"<p>Dan sje\u0107anja na \u017ertve Domovinskog rata i Dan sje\u0107anja na \u017ertvu Vukovara i \u0160kabrnje (18.11.) skre\u0107e nam misli na ono [&hellip;]<\/p>\n","protected":false},"author":2,"featured_media":7987,"comment_status":"closed","ping_status":"closed","sticky":false,"template":"","format":"standard","meta":{"cybocfi_hide_featured_image":"yes","footnotes":""},"categories":[2],"tags":[],"class_list":["post-7247","post","type-post","status-publish","format-standard","has-post-thumbnail","hentry","category-novosti"],"_links":{"self":[{"href":"https:\/\/drugagimnazija.hr\/index.php?rest_route=\/wp\/v2\/posts\/7247","targetHints":{"allow":["GET"]}}],"collection":[{"href":"https:\/\/drugagimnazija.hr\/index.php?rest_route=\/wp\/v2\/posts"}],"about":[{"href":"https:\/\/drugagimnazija.hr\/index.php?rest_route=\/wp\/v2\/types\/post"}],"author":[{"embeddable":true,"href":"https:\/\/drugagimnazija.hr\/index.php?rest_route=\/wp\/v2\/users\/2"}],"replies":[{"embeddable":true,"href":"https:\/\/drugagimnazija.hr\/index.php?rest_route=%2Fwp%2Fv2%2Fcomments&post=7247"}],"version-history":[{"count":5,"href":"https:\/\/drugagimnazija.hr\/index.php?rest_route=\/wp\/v2\/posts\/7247\/revisions"}],"predecessor-version":[{"id":9316,"href":"https:\/\/drugagimnazija.hr\/index.php?rest_route=\/wp\/v2\/posts\/7247\/revisions\/9316"}],"wp:featuredmedia":[{"embeddable":true,"href":"https:\/\/drugagimnazija.hr\/index.php?rest_route=\/wp\/v2\/media\/7987"}],"wp:attachment":[{"href":"https:\/\/drugagimnazija.hr\/index.php?rest_route=%2Fwp%2Fv2%2Fmedia&parent=7247"}],"wp:term":[{"taxonomy":"category","embeddable":true,"href":"https:\/\/drugagimnazija.hr\/index.php?rest_route=%2Fwp%2Fv2%2Fcategories&post=7247"},{"taxonomy":"post_tag","embeddable":true,"href":"https:\/\/drugagimnazija.hr\/index.php?rest_route=%2Fwp%2Fv2%2Ftags&post=7247"}],"curies":[{"name":"wp","href":"https:\/\/api.w.org\/{rel}","templated":true}]}}