{"id":7138,"date":"2023-10-26T10:39:40","date_gmt":"2023-10-26T10:39:40","guid":{"rendered":"https:\/\/drugagimnazija.hr\/?p=7138"},"modified":"2024-03-04T01:54:17","modified_gmt":"2024-03-04T00:54:17","slug":"projekt-zajedno-u-krizi","status":"publish","type":"post","link":"https:\/\/drugagimnazija.hr\/?p=7138","title":{"rendered":"Projekt \u201eZAJEDNO U KRIZI\u201c"},"content":{"rendered":"\n<div class=\"wp-block-group is-content-justification-center is-nowrap is-layout-flex wp-container-core-group-is-layout-94bc23d7 wp-block-group-is-layout-flex\">\n<div class=\"wp-block-columns is-layout-flex wp-container-core-columns-is-layout-9d6595d7 wp-block-columns-is-layout-flex\">\n<div class=\"wp-block-column is-layout-flow wp-block-column-is-layout-flow\" style=\"flex-basis:100%\">\n<div class=\"wp-block-group\"><div class=\"wp-block-group__inner-container is-layout-constrained wp-block-group-is-layout-constrained\">\n<p>Pro\u0161li tjedan zavr\u0161en je projekt \u201eZajedno u krizi\u201c \u010diji je nositelj Udruga MoSt, a suradnik u realizaciji na\u0161a \u0161kola, to\u010dnije volonterski tim sastavljen od u\u010denika 2.a i 2.d razreda u koordinaciji pedagoginje Antonele Mrsi\u0107.&nbsp;U\u010denici su, potaknuti pro\u0161logodi\u0161njom edukacijom o volontiranju, organizirali prikupljanje namirnica i higijenskih potrep\u0161tina za socijalnu samoposlugu u Kninu. Od motiviranja u\u010denika na sudjelovanje i \u010ditanja obavijesti u razredima, preko prikupljanja, pa sve do razvrstavanja i pakiranja donacija \u2013 na\u0161i su u\u010denici pokazali veliku volju i jo\u0161 ve\u0107e srce za one u potrebi. Humanitarna je akcija prigodno organizirana u mjesecu kada obilje\u017eavamo Dane kruha i zahvalnosti za plodove zemlje.<\/p>\n<\/div><\/div>\n<\/div>\n<\/div>\n<\/div>\n","protected":false},"excerpt":{"rendered":"<p>Pro\u0161li tjedan zavr\u0161en je projekt \u201eZajedno u krizi\u201c \u010diji je nositelj Udruga MoSt, a suradnik u realizaciji na\u0161a \u0161kola, to\u010dnije [&hellip;]<\/p>\n","protected":false},"author":2,"featured_media":7984,"comment_status":"closed","ping_status":"closed","sticky":false,"template":"","format":"standard","meta":{"cybocfi_hide_featured_image":"yes","footnotes":""},"categories":[2,104,127],"tags":[],"class_list":["post-7138","post","type-post","status-publish","format-standard","has-post-thumbnail","hentry","category-novosti","category-projekti-u-skoli","category-zajedno-u-krizi"],"_links":{"self":[{"href":"https:\/\/drugagimnazija.hr\/index.php?rest_route=\/wp\/v2\/posts\/7138","targetHints":{"allow":["GET"]}}],"collection":[{"href":"https:\/\/drugagimnazija.hr\/index.php?rest_route=\/wp\/v2\/posts"}],"about":[{"href":"https:\/\/drugagimnazija.hr\/index.php?rest_route=\/wp\/v2\/types\/post"}],"author":[{"embeddable":true,"href":"https:\/\/drugagimnazija.hr\/index.php?rest_route=\/wp\/v2\/users\/2"}],"replies":[{"embeddable":true,"href":"https:\/\/drugagimnazija.hr\/index.php?rest_route=%2Fwp%2Fv2%2Fcomments&post=7138"}],"version-history":[{"count":4,"href":"https:\/\/drugagimnazija.hr\/index.php?rest_route=\/wp\/v2\/posts\/7138\/revisions"}],"predecessor-version":[{"id":9797,"href":"https:\/\/drugagimnazija.hr\/index.php?rest_route=\/wp\/v2\/posts\/7138\/revisions\/9797"}],"wp:featuredmedia":[{"embeddable":true,"href":"https:\/\/drugagimnazija.hr\/index.php?rest_route=\/wp\/v2\/media\/7984"}],"wp:attachment":[{"href":"https:\/\/drugagimnazija.hr\/index.php?rest_route=%2Fwp%2Fv2%2Fmedia&parent=7138"}],"wp:term":[{"taxonomy":"category","embeddable":true,"href":"https:\/\/drugagimnazija.hr\/index.php?rest_route=%2Fwp%2Fv2%2Fcategories&post=7138"},{"taxonomy":"post_tag","embeddable":true,"href":"https:\/\/drugagimnazija.hr\/index.php?rest_route=%2Fwp%2Fv2%2Ftags&post=7138"}],"curies":[{"name":"wp","href":"https:\/\/api.w.org\/{rel}","templated":true}]}}