{"id":13412,"date":"2026-04-27T12:38:17","date_gmt":"2026-04-27T10:38:17","guid":{"rendered":"https:\/\/drugagimnazija.hr\/?p=13412"},"modified":"2026-04-27T12:38:18","modified_gmt":"2026-04-27T10:38:18","slug":"tereza-delic-3-mjesto-na-medunarodnom-natjecaju-ca-u-versin-rici-i-pinelu","status":"publish","type":"post","link":"https:\/\/drugagimnazija.hr\/?p=13412","title":{"rendered":"Tereza Deli\u0107 &#8211; 3. mjesto na me\u0111unarodnom natje\u010daju \u201e\u010cA u versin, ri\u010di i pinelu\u201c"},"content":{"rendered":"\n<p>Nastavljamo tradiciju izvrsnosti: Nagra\u0111en rad na\u0161e maturantice Tereze Deli\u0107 na me\u0111unarodnom natje\u010daju!<\/p>\n\n\n\n<p>S velikim zadovoljstvom objavljujemo da je na\u0161a u\u010denica<strong> Tereza Deli\u0107 (4.a) <\/strong>nastavila dugogodi\u0161nji niz uspjeha u\u010denika II. gimnazije Split sudjelovanjem na XI. me\u0111unarodnom literarnom, recitatorskom i likovnom natje\u010daju \u201e\u010cA u versin, ri\u010di i pinelu\u201c.<\/p>\n\n\n\n<p>Na ovogodi\u0161njoj jubilarnoj 35. \u010cakavskoj ve\u010deri, pod geslom \u201eSve \u010cA je pasalo \u2013 trag je ostavilo!\u201c, Terezin rad \u201e\u010cA se u skuli ne pi\u0161e, a panti se?\u201c progla\u0161en je jednim od najboljih. U iznimno jakoj me\u0111unarodnoj konkurenciji, njezin rad nagra\u0111en je visokim <strong>3. mjestom<\/strong> u kategoriji srednjih \u0161kola.<\/p>\n\n\n\n<p>Ova nagrada ima poseban zna\u010daj jer potvr\u0111uje nastojanja na\u0161e \u0161kole u o\u010duvanju \u010dakavske ba\u0161tine. \u010cestitamo Terezi i njezinoj mentorici, <strong>profesorici Emi Bodro\u017ei\u0107-Selak<\/strong>, na ovom vrhunskom rezultatu! \ud83c\udfc6\ud83c\udfa8<\/p>\n","protected":false},"excerpt":{"rendered":"<p>Nastavljamo tradiciju izvrsnosti: Nagra\u0111en rad na\u0161e maturantice Tereze Deli\u0107 na me\u0111unarodnom natje\u010daju! S velikim zadovoljstvom objavljujemo da je na\u0161a u\u010denica [&hellip;]<\/p>\n","protected":false},"author":1,"featured_media":13413,"comment_status":"closed","ping_status":"open","sticky":false,"template":"","format":"standard","meta":{"cybocfi_hide_featured_image":"","footnotes":""},"categories":[122,2],"tags":[],"class_list":["post-13412","post","type-post","status-publish","format-standard","has-post-thumbnail","hentry","category-natjecanja","category-novosti"],"_links":{"self":[{"href":"https:\/\/drugagimnazija.hr\/index.php?rest_route=\/wp\/v2\/posts\/13412","targetHints":{"allow":["GET"]}}],"collection":[{"href":"https:\/\/drugagimnazija.hr\/index.php?rest_route=\/wp\/v2\/posts"}],"about":[{"href":"https:\/\/drugagimnazija.hr\/index.php?rest_route=\/wp\/v2\/types\/post"}],"author":[{"embeddable":true,"href":"https:\/\/drugagimnazija.hr\/index.php?rest_route=\/wp\/v2\/users\/1"}],"replies":[{"embeddable":true,"href":"https:\/\/drugagimnazija.hr\/index.php?rest_route=%2Fwp%2Fv2%2Fcomments&post=13412"}],"version-history":[{"count":2,"href":"https:\/\/drugagimnazija.hr\/index.php?rest_route=\/wp\/v2\/posts\/13412\/revisions"}],"predecessor-version":[{"id":13415,"href":"https:\/\/drugagimnazija.hr\/index.php?rest_route=\/wp\/v2\/posts\/13412\/revisions\/13415"}],"wp:featuredmedia":[{"embeddable":true,"href":"https:\/\/drugagimnazija.hr\/index.php?rest_route=\/wp\/v2\/media\/13413"}],"wp:attachment":[{"href":"https:\/\/drugagimnazija.hr\/index.php?rest_route=%2Fwp%2Fv2%2Fmedia&parent=13412"}],"wp:term":[{"taxonomy":"category","embeddable":true,"href":"https:\/\/drugagimnazija.hr\/index.php?rest_route=%2Fwp%2Fv2%2Fcategories&post=13412"},{"taxonomy":"post_tag","embeddable":true,"href":"https:\/\/drugagimnazija.hr\/index.php?rest_route=%2Fwp%2Fv2%2Ftags&post=13412"}],"curies":[{"name":"wp","href":"https:\/\/api.w.org\/{rel}","templated":true}]}}