{"id":13406,"date":"2026-04-27T08:06:11","date_gmt":"2026-04-27T06:06:11","guid":{"rendered":"https:\/\/drugagimnazija.hr\/?p=13406"},"modified":"2026-04-27T08:06:12","modified_gmt":"2026-04-27T06:06:12","slug":"uspjeh-nase-ucenice-u-spanjolskoj-a-coruni","status":"publish","type":"post","link":"https:\/\/drugagimnazija.hr\/?p=13406","title":{"rendered":"Uspjeh na\u0161e u\u010denice u \u0161panjolskoj A Coruni"},"content":{"rendered":"\n<p><strong>Antonia Jurlin<\/strong>, u\u010denica 4.c razreda i profesionalna karata\u0161ica, \u010dlanica Karate kluba Dalmacija, ju\u010der je ostvarila izvrstan uspjeh u \u0161panjolskoj A Coruni. \ud83d\udcaa <\/p>\n\n\n\n<p>Sudjeluje u najvi\u0161em rangu natjecanja, Seriji A i dana\u0161njim je uspje\u0161nim borbama ostvarila plasman me\u0111u najboljih 16 (od ukupno 90 sudionica). Antonia se i ovim natjecanjem aktivno priprema za skora\u0161nje svjetsko prvenstvo i trenutno je prva na ljestvici u Hrvatskoj u svojoj kategoriji.\ud83c\udfc6<\/p>\n\n\n\n<p>Bravo, Antonia! Ponosimo se tobom i \u017eelimo ti svu sre\u0107u i mnogo uspjeha u daljnjim natjecanjima! \u2665\ufe0f\ud83d\udc4f<\/p>\n","protected":false},"excerpt":{"rendered":"<p>Antonia Jurlin, u\u010denica 4.c razreda i profesionalna karata\u0161ica, \u010dlanica Karate kluba Dalmacija, ju\u010der je ostvarila izvrstan uspjeh u \u0161panjolskoj A [&hellip;]<\/p>\n","protected":false},"author":1,"featured_media":13407,"comment_status":"closed","ping_status":"open","sticky":false,"template":"","format":"standard","meta":{"cybocfi_hide_featured_image":"","footnotes":""},"categories":[2,158],"tags":[],"class_list":["post-13406","post","type-post","status-publish","format-standard","has-post-thumbnail","hentry","category-novosti","category-sport"],"_links":{"self":[{"href":"https:\/\/drugagimnazija.hr\/index.php?rest_route=\/wp\/v2\/posts\/13406","targetHints":{"allow":["GET"]}}],"collection":[{"href":"https:\/\/drugagimnazija.hr\/index.php?rest_route=\/wp\/v2\/posts"}],"about":[{"href":"https:\/\/drugagimnazija.hr\/index.php?rest_route=\/wp\/v2\/types\/post"}],"author":[{"embeddable":true,"href":"https:\/\/drugagimnazija.hr\/index.php?rest_route=\/wp\/v2\/users\/1"}],"replies":[{"embeddable":true,"href":"https:\/\/drugagimnazija.hr\/index.php?rest_route=%2Fwp%2Fv2%2Fcomments&post=13406"}],"version-history":[{"count":2,"href":"https:\/\/drugagimnazija.hr\/index.php?rest_route=\/wp\/v2\/posts\/13406\/revisions"}],"predecessor-version":[{"id":13409,"href":"https:\/\/drugagimnazija.hr\/index.php?rest_route=\/wp\/v2\/posts\/13406\/revisions\/13409"}],"wp:featuredmedia":[{"embeddable":true,"href":"https:\/\/drugagimnazija.hr\/index.php?rest_route=\/wp\/v2\/media\/13407"}],"wp:attachment":[{"href":"https:\/\/drugagimnazija.hr\/index.php?rest_route=%2Fwp%2Fv2%2Fmedia&parent=13406"}],"wp:term":[{"taxonomy":"category","embeddable":true,"href":"https:\/\/drugagimnazija.hr\/index.php?rest_route=%2Fwp%2Fv2%2Fcategories&post=13406"},{"taxonomy":"post_tag","embeddable":true,"href":"https:\/\/drugagimnazija.hr\/index.php?rest_route=%2Fwp%2Fv2%2Ftags&post=13406"}],"curies":[{"name":"wp","href":"https:\/\/api.w.org\/{rel}","templated":true}]}}