{"id":13394,"date":"2026-04-27T07:45:24","date_gmt":"2026-04-27T05:45:24","guid":{"rendered":"https:\/\/drugagimnazija.hr\/?p=13394"},"modified":"2026-04-27T07:45:25","modified_gmt":"2026-04-27T05:45:25","slug":"dan-njemackog-jezika","status":"publish","type":"post","link":"https:\/\/drugagimnazija.hr\/?p=13394","title":{"rendered":"Dan njema\u010dkog jezika"},"content":{"rendered":"\n<p>Na\u0161i su u\u010denici u Nadbiskupijskoj klasi\u010dnoj gimnaziji prigodnom priredbom obilje\u017eili Dan njema\u010dkog jezika. <\/p>\n\n\n\n<p>Uz pomo\u0107 profesorice Ajlin Andreis Sarun u\u010denici 3.c razreda odu\u0161evili su brojne ljubitelje njema\u010dkog svojom predstavom \u201cDeutsher Humor\u201d, a program su vodile Mia Fenrich i Ana Juri\u0107 (4.b).<\/p>\n\n\n\n<p>\u010cestitamo profesorici i u\u010denicima! \ud83d\udda4<\/p>\n","protected":false},"excerpt":{"rendered":"<p>Na\u0161i su u\u010denici u Nadbiskupijskoj klasi\u010dnoj gimnaziji prigodnom priredbom obilje\u017eili Dan njema\u010dkog jezika. Uz pomo\u0107 profesorice Ajlin Andreis Sarun u\u010denici [&hellip;]<\/p>\n","protected":false},"author":1,"featured_media":13395,"comment_status":"closed","ping_status":"open","sticky":false,"template":"","format":"standard","meta":{"cybocfi_hide_featured_image":"","footnotes":""},"categories":[107,2,131],"tags":[],"class_list":["post-13394","post","type-post","status-publish","format-standard","has-post-thumbnail","hentry","category-njemacki","category-novosti","category-obiljezavanje-vaznih-datuma"],"_links":{"self":[{"href":"https:\/\/drugagimnazija.hr\/index.php?rest_route=\/wp\/v2\/posts\/13394","targetHints":{"allow":["GET"]}}],"collection":[{"href":"https:\/\/drugagimnazija.hr\/index.php?rest_route=\/wp\/v2\/posts"}],"about":[{"href":"https:\/\/drugagimnazija.hr\/index.php?rest_route=\/wp\/v2\/types\/post"}],"author":[{"embeddable":true,"href":"https:\/\/drugagimnazija.hr\/index.php?rest_route=\/wp\/v2\/users\/1"}],"replies":[{"embeddable":true,"href":"https:\/\/drugagimnazija.hr\/index.php?rest_route=%2Fwp%2Fv2%2Fcomments&post=13394"}],"version-history":[{"count":2,"href":"https:\/\/drugagimnazija.hr\/index.php?rest_route=\/wp\/v2\/posts\/13394\/revisions"}],"predecessor-version":[{"id":13397,"href":"https:\/\/drugagimnazija.hr\/index.php?rest_route=\/wp\/v2\/posts\/13394\/revisions\/13397"}],"wp:featuredmedia":[{"embeddable":true,"href":"https:\/\/drugagimnazija.hr\/index.php?rest_route=\/wp\/v2\/media\/13395"}],"wp:attachment":[{"href":"https:\/\/drugagimnazija.hr\/index.php?rest_route=%2Fwp%2Fv2%2Fmedia&parent=13394"}],"wp:term":[{"taxonomy":"category","embeddable":true,"href":"https:\/\/drugagimnazija.hr\/index.php?rest_route=%2Fwp%2Fv2%2Fcategories&post=13394"},{"taxonomy":"post_tag","embeddable":true,"href":"https:\/\/drugagimnazija.hr\/index.php?rest_route=%2Fwp%2Fv2%2Ftags&post=13394"}],"curies":[{"name":"wp","href":"https:\/\/api.w.org\/{rel}","templated":true}]}}