{"id":13054,"date":"2026-03-16T10:03:05","date_gmt":"2026-03-16T09:03:05","guid":{"rendered":"https:\/\/drugagimnazija.hr\/?p=13054"},"modified":"2026-04-21T17:37:54","modified_gmt":"2026-04-21T15:37:54","slug":"javni-poziv-za-organizaciju-visednevne-izvanucionicke-nastave-studijsko-putovanje-u-njemacku-austriju-i-luksemburg","status":"publish","type":"post","link":"https:\/\/drugagimnazija.hr\/?p=13054","title":{"rendered":"Ponuda 1.\/26."},"content":{"rendered":"\n<p>Obrazac za ponudu u privitku:<\/p>\n\n\n\n<div class=\"wp-block-file\"><a id=\"wp-block-file--media-b9287aa0-94d9-4b83-bc4e-827ca213b8de\" href=\"https:\/\/drugagimnazija.hr\/wp-content\/uploads\/2026\/03\/Ponuda-1.26-1.docx\">Ponuda 1.\/26.<\/a><a href=\"https:\/\/drugagimnazija.hr\/wp-content\/uploads\/2026\/03\/Ponuda-1.26-1.docx\" class=\"wp-block-file__button wp-element-button\" download aria-describedby=\"wp-block-file--media-b9287aa0-94d9-4b83-bc4e-827ca213b8de\">Download<\/a><\/div>\n\n\n\n<p><\/p>\n\n\n\n<p>Na sastanku odr\u017eanom u utorak, 7. travnja 2026. god. u 19:00 sati, Povjerenstvo za provedbu javnog poziva (1.\/26.) za organizaciju vi\u0161ednevne izvanu\u010dioni\u010dke nastave (studijsko putovanje) u Njema\u010dku, Austriju i Luksemburg za u\u010denike 2. i 3. razreda izabralo je agencije:<\/p>\n\n\n\n<ol start=\"1\" class=\"wp-block-list\">\n<li><strong>Vuckovic Travel Collections<\/strong><\/li>\n\n\n\n<li><strong>Igana d.o.o.<\/strong><\/li>\n\n\n\n<li><strong>Eridan d.o.o.<\/strong><\/li>\n\n\n\n<li><strong>Destinations F-tours d.o.o.<\/strong><\/li>\n<\/ol>\n\n\n\n<p>Roditeljski sastanak odr\u017eat \u0107e se u ponedjeljak,&nbsp;<strong>20. travnja 2026. god. u 19 sati&nbsp;<\/strong>u u\u010dionici 13 u prizemlju \u0161kole.<\/p>\n\n\n\n<p>Ova obavijest ujedno je i poziv odabranim agencijama da predstave svoju ponudu u trajanju od 10 min.<\/p>\n\n\n\n<p>Na roditeljskom sastanku odr\u017eanom u ponedjeljak, 20. travnja 2026. god. u 19 sati u u\u010dionici 13 u prizemlju \u0161kole, roditelji su izabrali agenciju\u00a0<strong>Vuckovic Travel Collections<\/strong> za organizaciju izvanu\u010dioni\u010dke nastave u Njema\u010dku, Austriju i Luksemburg za u\u010denike 2. i 3. razreda.<\/p>\n","protected":false},"excerpt":{"rendered":"<p>Obrazac za ponudu u privitku: Na sastanku odr\u017eanom u utorak, 7. travnja 2026. god. u 19:00 sati, Povjerenstvo za provedbu [&hellip;]<\/p>\n","protected":false},"author":1,"featured_media":0,"comment_status":"closed","ping_status":"open","sticky":true,"template":"","format":"standard","meta":{"cybocfi_hide_featured_image":"","footnotes":""},"categories":[3,1],"tags":[],"class_list":["post-13054","post","type-post","status-publish","format-standard","hentry","category-ponude","category-uncategorized"],"_links":{"self":[{"href":"https:\/\/drugagimnazija.hr\/index.php?rest_route=\/wp\/v2\/posts\/13054","targetHints":{"allow":["GET"]}}],"collection":[{"href":"https:\/\/drugagimnazija.hr\/index.php?rest_route=\/wp\/v2\/posts"}],"about":[{"href":"https:\/\/drugagimnazija.hr\/index.php?rest_route=\/wp\/v2\/types\/post"}],"author":[{"embeddable":true,"href":"https:\/\/drugagimnazija.hr\/index.php?rest_route=\/wp\/v2\/users\/1"}],"replies":[{"embeddable":true,"href":"https:\/\/drugagimnazija.hr\/index.php?rest_route=%2Fwp%2Fv2%2Fcomments&post=13054"}],"version-history":[{"count":5,"href":"https:\/\/drugagimnazija.hr\/index.php?rest_route=\/wp\/v2\/posts\/13054\/revisions"}],"predecessor-version":[{"id":13371,"href":"https:\/\/drugagimnazija.hr\/index.php?rest_route=\/wp\/v2\/posts\/13054\/revisions\/13371"}],"wp:attachment":[{"href":"https:\/\/drugagimnazija.hr\/index.php?rest_route=%2Fwp%2Fv2%2Fmedia&parent=13054"}],"wp:term":[{"taxonomy":"category","embeddable":true,"href":"https:\/\/drugagimnazija.hr\/index.php?rest_route=%2Fwp%2Fv2%2Fcategories&post=13054"},{"taxonomy":"post_tag","embeddable":true,"href":"https:\/\/drugagimnazija.hr\/index.php?rest_route=%2Fwp%2Fv2%2Ftags&post=13054"}],"curies":[{"name":"wp","href":"https:\/\/api.w.org\/{rel}","templated":true}]}}