{"id":13045,"date":"2026-03-12T16:35:28","date_gmt":"2026-03-12T15:35:28","guid":{"rendered":"https:\/\/drugagimnazija.hr\/?p=13045"},"modified":"2026-03-12T16:45:41","modified_gmt":"2026-03-12T15:45:41","slug":"predstavljanje-knjige-pukovnika-vlastelice-o-ratnom-putu-4-gardijske-brigade","status":"publish","type":"post","link":"https:\/\/drugagimnazija.hr\/?p=13045","title":{"rendered":"Predstavljanje knjige pukovnika Vlastelice"},"content":{"rendered":"\n<p>U organizaciji prof. Ivane Ivi\u0107 i stru\u010dne slu\u017ebe \u0161kole, u srijedu 11. o\u017eujka, za na\u0161e maturante predstavljena je knjiga \u201eMoja sje\u0107anja i dnevni\u010dki zapisi 4. brigade ZNG-e\u201c, autora Duje Vlastelice, pukovnika u miru i jednog od utemeljitelja ove legendarne postrojbe.<\/p>\n\n\n\n<p>Maturanti su s velikim zanimanjem pratili predavanje te su imali brojna pitanja za na\u0161ega gosta, koji je rado podijelio svoja iskustva i prisje\u0107anja.<\/p>\n\n\n\n<p>Zahvaljujemo pukovniku Vlastelici na gostovanju i vrijednom doprinosu u upoznavanju u\u010denika s ratnim putem 4. gardijske brigade.<\/p>\n","protected":false},"excerpt":{"rendered":"<p>U organizaciji prof. Ivane Ivi\u0107 i stru\u010dne slu\u017ebe \u0161kole, u srijedu 11. o\u017eujka, za na\u0161e maturante predstavljena je knjiga \u201eMoja [&hellip;]<\/p>\n","protected":false},"author":1,"featured_media":13046,"comment_status":"closed","ping_status":"open","sticky":false,"template":"","format":"standard","meta":{"cybocfi_hide_featured_image":"","footnotes":""},"categories":[2,157],"tags":[],"class_list":["post-13045","post","type-post","status-publish","format-standard","has-post-thumbnail","hentry","category-novosti","category-povijest"],"_links":{"self":[{"href":"https:\/\/drugagimnazija.hr\/index.php?rest_route=\/wp\/v2\/posts\/13045","targetHints":{"allow":["GET"]}}],"collection":[{"href":"https:\/\/drugagimnazija.hr\/index.php?rest_route=\/wp\/v2\/posts"}],"about":[{"href":"https:\/\/drugagimnazija.hr\/index.php?rest_route=\/wp\/v2\/types\/post"}],"author":[{"embeddable":true,"href":"https:\/\/drugagimnazija.hr\/index.php?rest_route=\/wp\/v2\/users\/1"}],"replies":[{"embeddable":true,"href":"https:\/\/drugagimnazija.hr\/index.php?rest_route=%2Fwp%2Fv2%2Fcomments&post=13045"}],"version-history":[{"count":4,"href":"https:\/\/drugagimnazija.hr\/index.php?rest_route=\/wp\/v2\/posts\/13045\/revisions"}],"predecessor-version":[{"id":13053,"href":"https:\/\/drugagimnazija.hr\/index.php?rest_route=\/wp\/v2\/posts\/13045\/revisions\/13053"}],"wp:featuredmedia":[{"embeddable":true,"href":"https:\/\/drugagimnazija.hr\/index.php?rest_route=\/wp\/v2\/media\/13046"}],"wp:attachment":[{"href":"https:\/\/drugagimnazija.hr\/index.php?rest_route=%2Fwp%2Fv2%2Fmedia&parent=13045"}],"wp:term":[{"taxonomy":"category","embeddable":true,"href":"https:\/\/drugagimnazija.hr\/index.php?rest_route=%2Fwp%2Fv2%2Fcategories&post=13045"},{"taxonomy":"post_tag","embeddable":true,"href":"https:\/\/drugagimnazija.hr\/index.php?rest_route=%2Fwp%2Fv2%2Ftags&post=13045"}],"curies":[{"name":"wp","href":"https:\/\/api.w.org\/{rel}","templated":true}]}}