{"id":13038,"date":"2026-03-09T16:07:38","date_gmt":"2026-03-09T15:07:38","guid":{"rendered":"https:\/\/drugagimnazija.hr\/?p=13038"},"modified":"2026-03-09T16:07:39","modified_gmt":"2026-03-09T15:07:39","slug":"prvenstvo-srednjih-skola-u-stolnom-tenisu","status":"publish","type":"post","link":"https:\/\/drugagimnazija.hr\/?p=13038","title":{"rendered":"Prvenstvo srednjih \u0161kola u stolnom tenisu"},"content":{"rendered":"\n<p>Na\u0161e su u\u010denice i u\u010denici nastupali na prvenstvu srednjih \u0161kola grada Splita u stolnom tenisu, a <mark style=\"background-color:rgba(0, 0, 0, 0)\" class=\"has-inline-color has-vivid-red-color\">u\u010denice <\/mark>su osvojile <strong>drugo mjesto<\/strong>! \ud83c\udfd3\ud83e\udd48<\/p>\n\n\n\n<p>Za djevojke su nastupale: Sandra Mi\u0161e (2.c), Sara Sivi\u0107 (1.e) i Tamara Trogrli\u0107 (1.d).<\/p>\n\n\n\n<p>Za momke su nastupali: Marko \u010celan (2.d), Ante Vranje\u0161 (3.c), Toma Bu\u010devi\u0107 (3.c) i Borna Akrap (4.a).<\/p>\n\n\n\n<p>Ponosni smo na na\u0161e u\u010denike i njihove uspjehe te im \u017eelimo svu sre\u0107u u daljnjim natjecanjima! \u2764\ufe0f<\/p>\n","protected":false},"excerpt":{"rendered":"<p>Na\u0161e su u\u010denice i u\u010denici nastupali na prvenstvu srednjih \u0161kola grada Splita u stolnom tenisu, a u\u010denice su osvojile drugo [&hellip;]<\/p>\n","protected":false},"author":1,"featured_media":13039,"comment_status":"closed","ping_status":"open","sticky":false,"template":"","format":"standard","meta":{"cybocfi_hide_featured_image":"","footnotes":""},"categories":[122,2,151],"tags":[],"class_list":["post-13038","post","type-post","status-publish","format-standard","has-post-thumbnail","hentry","category-natjecanja","category-novosti","category-tjelesni"],"_links":{"self":[{"href":"https:\/\/drugagimnazija.hr\/index.php?rest_route=\/wp\/v2\/posts\/13038","targetHints":{"allow":["GET"]}}],"collection":[{"href":"https:\/\/drugagimnazija.hr\/index.php?rest_route=\/wp\/v2\/posts"}],"about":[{"href":"https:\/\/drugagimnazija.hr\/index.php?rest_route=\/wp\/v2\/types\/post"}],"author":[{"embeddable":true,"href":"https:\/\/drugagimnazija.hr\/index.php?rest_route=\/wp\/v2\/users\/1"}],"replies":[{"embeddable":true,"href":"https:\/\/drugagimnazija.hr\/index.php?rest_route=%2Fwp%2Fv2%2Fcomments&post=13038"}],"version-history":[{"count":2,"href":"https:\/\/drugagimnazija.hr\/index.php?rest_route=\/wp\/v2\/posts\/13038\/revisions"}],"predecessor-version":[{"id":13041,"href":"https:\/\/drugagimnazija.hr\/index.php?rest_route=\/wp\/v2\/posts\/13038\/revisions\/13041"}],"wp:featuredmedia":[{"embeddable":true,"href":"https:\/\/drugagimnazija.hr\/index.php?rest_route=\/wp\/v2\/media\/13039"}],"wp:attachment":[{"href":"https:\/\/drugagimnazija.hr\/index.php?rest_route=%2Fwp%2Fv2%2Fmedia&parent=13038"}],"wp:term":[{"taxonomy":"category","embeddable":true,"href":"https:\/\/drugagimnazija.hr\/index.php?rest_route=%2Fwp%2Fv2%2Fcategories&post=13038"},{"taxonomy":"post_tag","embeddable":true,"href":"https:\/\/drugagimnazija.hr\/index.php?rest_route=%2Fwp%2Fv2%2Ftags&post=13038"}],"curies":[{"name":"wp","href":"https:\/\/api.w.org\/{rel}","templated":true}]}}