{"id":12977,"date":"2026-02-18T07:58:51","date_gmt":"2026-02-18T06:58:51","guid":{"rendered":"https:\/\/drugagimnazija.hr\/?p=12977"},"modified":"2026-03-03T09:03:05","modified_gmt":"2026-03-03T08:03:05","slug":"okrugli-stol-povodom-valentinova","status":"publish","type":"post","link":"https:\/\/drugagimnazija.hr\/?p=12977","title":{"rendered":"Okrugli stol povodom Valentinova"},"content":{"rendered":"\n<p>U na\u0161oj je \u0161koli, povodom Valentinova, odr\u017ean okrugli stol s temom <em>Ima li ljubav veze s vezom?<\/em><br>Moderatori su bili na\u0161i maturanti <strong>Karmel \u0160arac i Borna Akrap<\/strong> (4.a), a u raspravi su sudjelovale pedagoginja<strong>Antonela Mrsi\u0107<\/strong>, psihologinja <strong>Dora Mik\u0161i\u0107<\/strong> te <strong>Livija Plan\u010di\u0107<\/strong>, predsjednica udruge Bijeli Krug.<\/p>\n\n\n\n<p>Razgovarali smo o granicama u partnerskim odnosima, kompromisu i fleksibilnosti, vrijednostima, ljubavi i zaljubljenosti, nasilju, a na\u0161i su u\u010denici saznali kada i gdje potra\u017eiti pomo\u0107 ako se na\u0111u u nepo\u017eeljnoj situaciji u partnerskome odnosu.<\/p>\n\n\n\n<p>Veselimo se novim susretima i novim aktualnim temama! \ud83e\ude77<\/p>\n","protected":false},"excerpt":{"rendered":"<p>U na\u0161oj je \u0161koli, povodom Valentinova, odr\u017ean okrugli stol s temom Ima li ljubav veze s vezom?Moderatori su bili na\u0161i [&hellip;]<\/p>\n","protected":false},"author":1,"featured_media":12978,"comment_status":"closed","ping_status":"open","sticky":false,"template":"","format":"standard","meta":{"cybocfi_hide_featured_image":"","footnotes":""},"categories":[2,154],"tags":[],"class_list":["post-12977","post","type-post","status-publish","format-standard","has-post-thumbnail","hentry","category-novosti","category-obiljezavanje-vaznih-datuma-projekti-u-skoli"],"_links":{"self":[{"href":"https:\/\/drugagimnazija.hr\/index.php?rest_route=\/wp\/v2\/posts\/12977","targetHints":{"allow":["GET"]}}],"collection":[{"href":"https:\/\/drugagimnazija.hr\/index.php?rest_route=\/wp\/v2\/posts"}],"about":[{"href":"https:\/\/drugagimnazija.hr\/index.php?rest_route=\/wp\/v2\/types\/post"}],"author":[{"embeddable":true,"href":"https:\/\/drugagimnazija.hr\/index.php?rest_route=\/wp\/v2\/users\/1"}],"replies":[{"embeddable":true,"href":"https:\/\/drugagimnazija.hr\/index.php?rest_route=%2Fwp%2Fv2%2Fcomments&post=12977"}],"version-history":[{"count":4,"href":"https:\/\/drugagimnazija.hr\/index.php?rest_route=\/wp\/v2\/posts\/12977\/revisions"}],"predecessor-version":[{"id":12982,"href":"https:\/\/drugagimnazija.hr\/index.php?rest_route=\/wp\/v2\/posts\/12977\/revisions\/12982"}],"wp:featuredmedia":[{"embeddable":true,"href":"https:\/\/drugagimnazija.hr\/index.php?rest_route=\/wp\/v2\/media\/12978"}],"wp:attachment":[{"href":"https:\/\/drugagimnazija.hr\/index.php?rest_route=%2Fwp%2Fv2%2Fmedia&parent=12977"}],"wp:term":[{"taxonomy":"category","embeddable":true,"href":"https:\/\/drugagimnazija.hr\/index.php?rest_route=%2Fwp%2Fv2%2Fcategories&post=12977"},{"taxonomy":"post_tag","embeddable":true,"href":"https:\/\/drugagimnazija.hr\/index.php?rest_route=%2Fwp%2Fv2%2Ftags&post=12977"}],"curies":[{"name":"wp","href":"https:\/\/api.w.org\/{rel}","templated":true}]}}