{"id":12712,"date":"2026-01-11T17:47:31","date_gmt":"2026-01-11T16:47:31","guid":{"rendered":"https:\/\/drugagimnazija.hr\/?p=12712"},"modified":"2026-01-23T10:12:59","modified_gmt":"2026-01-23T09:12:59","slug":"obavijest-o-pocetku-nastave","status":"publish","type":"post","link":"https:\/\/drugagimnazija.hr\/?p=12712","title":{"rendered":"Obavijest o po\u010detku nastave"},"content":{"rendered":"\n<p>Dragi u\u010denici i djelatnici,<br>obavje\u0161tavamo vas da \u0107e nastava zapo\u010deti u ponedjeljak, 12. sije\u010dnja, te \u0107e se odvijati u <strong>popodnevnoj smjeni<\/strong>.<\/p>\n\n\n\n<p>\u017delimo vam uspje\u0161an nastavak \u0161kolske godine i veselimo se ponovnom susretu! \ud83e\udd70<\/p>\n","protected":false},"excerpt":{"rendered":"<p>Dragi u\u010denici i djelatnici,obavje\u0161tavamo vas da \u0107e nastava zapo\u010deti u ponedjeljak, 12. sije\u010dnja, te \u0107e se odvijati u popodnevnoj smjeni. [&hellip;]<\/p>\n","protected":false},"author":1,"featured_media":12713,"comment_status":"closed","ping_status":"open","sticky":false,"template":"","format":"standard","meta":{"cybocfi_hide_featured_image":"","footnotes":""},"categories":[1],"tags":[],"class_list":["post-12712","post","type-post","status-publish","format-standard","has-post-thumbnail","hentry","category-uncategorized"],"_links":{"self":[{"href":"https:\/\/drugagimnazija.hr\/index.php?rest_route=\/wp\/v2\/posts\/12712","targetHints":{"allow":["GET"]}}],"collection":[{"href":"https:\/\/drugagimnazija.hr\/index.php?rest_route=\/wp\/v2\/posts"}],"about":[{"href":"https:\/\/drugagimnazija.hr\/index.php?rest_route=\/wp\/v2\/types\/post"}],"author":[{"embeddable":true,"href":"https:\/\/drugagimnazija.hr\/index.php?rest_route=\/wp\/v2\/users\/1"}],"replies":[{"embeddable":true,"href":"https:\/\/drugagimnazija.hr\/index.php?rest_route=%2Fwp%2Fv2%2Fcomments&post=12712"}],"version-history":[{"count":3,"href":"https:\/\/drugagimnazija.hr\/index.php?rest_route=\/wp\/v2\/posts\/12712\/revisions"}],"predecessor-version":[{"id":12768,"href":"https:\/\/drugagimnazija.hr\/index.php?rest_route=\/wp\/v2\/posts\/12712\/revisions\/12768"}],"wp:featuredmedia":[{"embeddable":true,"href":"https:\/\/drugagimnazija.hr\/index.php?rest_route=\/wp\/v2\/media\/12713"}],"wp:attachment":[{"href":"https:\/\/drugagimnazija.hr\/index.php?rest_route=%2Fwp%2Fv2%2Fmedia&parent=12712"}],"wp:term":[{"taxonomy":"category","embeddable":true,"href":"https:\/\/drugagimnazija.hr\/index.php?rest_route=%2Fwp%2Fv2%2Fcategories&post=12712"},{"taxonomy":"post_tag","embeddable":true,"href":"https:\/\/drugagimnazija.hr\/index.php?rest_route=%2Fwp%2Fv2%2Ftags&post=12712"}],"curies":[{"name":"wp","href":"https:\/\/api.w.org\/{rel}","templated":true}]}}