{"id":12708,"date":"2025-12-25T07:00:00","date_gmt":"2025-12-25T06:00:00","guid":{"rendered":"https:\/\/drugagimnazija.hr\/?p=12708"},"modified":"2025-12-23T14:31:58","modified_gmt":"2025-12-23T13:31:58","slug":"bozicna-cestitka-2","status":"publish","type":"post","link":"https:\/\/drugagimnazija.hr\/?p=12708","title":{"rendered":"Bo\u017ei\u0107na \u010destitka"},"content":{"rendered":"\n<p>Dragi na\u0161i sada\u0161nji, biv\u0161i i budu\u0107i u\u010denici, dragi zaposlenici, sretan i blagoslovljen <mark style=\"background-color:rgba(0, 0, 0, 0)\" class=\"has-inline-color has-vivid-red-color\">Bo\u017ei\u0107 <\/mark>vama i va\u0161im bli\u017enjima \u017eeli II. gimnazija! \ud83d\udc96<\/p>\n\n\n\n<p>Tijekom ovoga do\u0161a\u0161\u0107a smo zajedno kitili bo\u017ei\u0107no drvce, dru\u017eili se na \u010dak dvije bo\u017ei\u0107ne priredbe u organizaciji na\u0161ih profesora i profesorica, snimali <a href=\"https:\/\/www.tiktok.com\/@drugagimnazija_st\/video\/7586688029314616598\">TikTok videe<\/a>, pisali pisma s lijepim \u017eeljama jedni drugima, ispunjavaju\u0107i \u0161kolu rado\u0161\u0107u i bo\u017ei\u0107nim duhom. \ud83e\udd70<\/p>\n\n\n\n<p>U nadi da \u0107e duh zajedni\u0161tva i radosti pratiti sve nas i u godini koja dolazi, svima \u017eelimo <strong>sretan i blagoslovljen Bo\u017ei\u0107! <\/strong><\/p>\n","protected":false},"excerpt":{"rendered":"<p>Dragi na\u0161i sada\u0161nji, biv\u0161i i budu\u0107i u\u010denici, dragi zaposlenici, sretan i blagoslovljen Bo\u017ei\u0107 vama i va\u0161im bli\u017enjima \u017eeli II. gimnazija! [&hellip;]<\/p>\n","protected":false},"author":1,"featured_media":12709,"comment_status":"closed","ping_status":"open","sticky":false,"template":"","format":"standard","meta":{"cybocfi_hide_featured_image":"","footnotes":""},"categories":[2],"tags":[],"class_list":["post-12708","post","type-post","status-publish","format-standard","has-post-thumbnail","hentry","category-novosti"],"_links":{"self":[{"href":"https:\/\/drugagimnazija.hr\/index.php?rest_route=\/wp\/v2\/posts\/12708","targetHints":{"allow":["GET"]}}],"collection":[{"href":"https:\/\/drugagimnazija.hr\/index.php?rest_route=\/wp\/v2\/posts"}],"about":[{"href":"https:\/\/drugagimnazija.hr\/index.php?rest_route=\/wp\/v2\/types\/post"}],"author":[{"embeddable":true,"href":"https:\/\/drugagimnazija.hr\/index.php?rest_route=\/wp\/v2\/users\/1"}],"replies":[{"embeddable":true,"href":"https:\/\/drugagimnazija.hr\/index.php?rest_route=%2Fwp%2Fv2%2Fcomments&post=12708"}],"version-history":[{"count":2,"href":"https:\/\/drugagimnazija.hr\/index.php?rest_route=\/wp\/v2\/posts\/12708\/revisions"}],"predecessor-version":[{"id":12711,"href":"https:\/\/drugagimnazija.hr\/index.php?rest_route=\/wp\/v2\/posts\/12708\/revisions\/12711"}],"wp:featuredmedia":[{"embeddable":true,"href":"https:\/\/drugagimnazija.hr\/index.php?rest_route=\/wp\/v2\/media\/12709"}],"wp:attachment":[{"href":"https:\/\/drugagimnazija.hr\/index.php?rest_route=%2Fwp%2Fv2%2Fmedia&parent=12708"}],"wp:term":[{"taxonomy":"category","embeddable":true,"href":"https:\/\/drugagimnazija.hr\/index.php?rest_route=%2Fwp%2Fv2%2Fcategories&post=12708"},{"taxonomy":"post_tag","embeddable":true,"href":"https:\/\/drugagimnazija.hr\/index.php?rest_route=%2Fwp%2Fv2%2Ftags&post=12708"}],"curies":[{"name":"wp","href":"https:\/\/api.w.org\/{rel}","templated":true}]}}