{"id":12691,"date":"2025-12-19T07:17:28","date_gmt":"2025-12-19T06:17:28","guid":{"rendered":"https:\/\/drugagimnazija.hr\/?p=12691"},"modified":"2025-12-23T09:03:00","modified_gmt":"2025-12-23T08:03:00","slug":"advent-na-filozofskom","status":"publish","type":"post","link":"https:\/\/drugagimnazija.hr\/?p=12691","title":{"rendered":"Advent na Filozofskom"},"content":{"rendered":"\n<p>Na\u0161i su u\u010denici francuskog i \u0161panjolskog jezika, skupa s profesoricom Fani Mar\u0111oki\u0107, sudjelovali na u Bo\u017ei\u0107noj radionici na Filozofskom fakultetu u Splitu u sklopu programa <em>Advent na Filozofskom<\/em>, a u suradnji s prof. Luketin-Alfirevi\u0107 sa odjela za talijanistiku na FFST-u.<\/p>\n\n\n\n<p>Predstavljene su prezentacije o francuskim i \u0161panjolskim bo\u017ei\u0107nim obi\u010dajima uz prigodnu radionicu. Studentica FFST-a je odr\u017eala prezentaciju o Bo\u017ei\u0107u u \u0160panjolskoj, a na\u0161a u\u010denica Kristabel Paveti\u010dek iz 2.a o <a href=\"https:\/\/carnet-my.sharepoint.com\/:p:\/g\/personal\/kristabel_paveticek_skole_hr\/IQBkWAPVFTLpRLbjosJd6c-7Aecv5GCrAeiT75jovCMVC1Y?rtime=ad5XL_NB3kg\">Bo\u017ei\u0107nim obi\u010dajima u Francuskoj<\/a>. <\/p>\n\n\n\n<p>Dru\u017eenje se nastavilo kroz igru kviza i pjevanje bo\u017ei\u0107nih pjesama. \ud83c\udf84<\/p>\n\n\n\n<p><\/p>\n","protected":false},"excerpt":{"rendered":"<p>Na\u0161i su u\u010denici francuskog i \u0161panjolskog jezika, skupa s profesoricom Fani Mar\u0111oki\u0107, sudjelovali na u Bo\u017ei\u0107noj radionici na Filozofskom fakultetu [&hellip;]<\/p>\n","protected":false},"author":1,"featured_media":12692,"comment_status":"closed","ping_status":"open","sticky":false,"template":"","format":"standard","meta":{"cybocfi_hide_featured_image":"","footnotes":""},"categories":[105,2,110],"tags":[],"class_list":["post-12691","post","type-post","status-publish","format-standard","has-post-thumbnail","hentry","category-francuski","category-novosti","category-spanjolski"],"_links":{"self":[{"href":"https:\/\/drugagimnazija.hr\/index.php?rest_route=\/wp\/v2\/posts\/12691","targetHints":{"allow":["GET"]}}],"collection":[{"href":"https:\/\/drugagimnazija.hr\/index.php?rest_route=\/wp\/v2\/posts"}],"about":[{"href":"https:\/\/drugagimnazija.hr\/index.php?rest_route=\/wp\/v2\/types\/post"}],"author":[{"embeddable":true,"href":"https:\/\/drugagimnazija.hr\/index.php?rest_route=\/wp\/v2\/users\/1"}],"replies":[{"embeddable":true,"href":"https:\/\/drugagimnazija.hr\/index.php?rest_route=%2Fwp%2Fv2%2Fcomments&post=12691"}],"version-history":[{"count":4,"href":"https:\/\/drugagimnazija.hr\/index.php?rest_route=\/wp\/v2\/posts\/12691\/revisions"}],"predecessor-version":[{"id":12699,"href":"https:\/\/drugagimnazija.hr\/index.php?rest_route=\/wp\/v2\/posts\/12691\/revisions\/12699"}],"wp:featuredmedia":[{"embeddable":true,"href":"https:\/\/drugagimnazija.hr\/index.php?rest_route=\/wp\/v2\/media\/12692"}],"wp:attachment":[{"href":"https:\/\/drugagimnazija.hr\/index.php?rest_route=%2Fwp%2Fv2%2Fmedia&parent=12691"}],"wp:term":[{"taxonomy":"category","embeddable":true,"href":"https:\/\/drugagimnazija.hr\/index.php?rest_route=%2Fwp%2Fv2%2Fcategories&post=12691"},{"taxonomy":"post_tag","embeddable":true,"href":"https:\/\/drugagimnazija.hr\/index.php?rest_route=%2Fwp%2Fv2%2Ftags&post=12691"}],"curies":[{"name":"wp","href":"https:\/\/api.w.org\/{rel}","templated":true}]}}