{"id":12647,"date":"2025-12-10T10:58:15","date_gmt":"2025-12-10T09:58:15","guid":{"rendered":"https:\/\/drugagimnazija.hr\/?p=12647"},"modified":"2025-12-12T08:46:10","modified_gmt":"2025-12-12T07:46:10","slug":"zlatne-veceri-matematike","status":"publish","type":"post","link":"https:\/\/drugagimnazija.hr\/?p=12647","title":{"rendered":"Zlatne ve\u010deri matematike"},"content":{"rendered":"\n<p>U utorak, 2.12. odr\u017eale su se Zlatne ve\u010deri matematike u Etnografskom muzeju u Splitu. Na\u0161e su u\u010denice 4.a razreda &#8211; <strong>Karmel \u0160arac <\/strong>i <strong>Lana \u0160unji\u0107<\/strong> u sklopu teme matematika i nada napravile projekt &#8220;Brojevi za du\u0161u&#8221;.<\/p>\n\n\n\n<p>S u\u010denicima 6 srednjih \u0161kola iz Splita i okolice su provele anketu o utjecaju \u0161kole na mentalno zdravlje u\u010denika. Svoj projekt su hrabro izlo\u017eile pred u\u010denicima i profesorima osnovnih i srednjih \u0161kola. <\/p>\n\n\n\n<p>\u010cestitamo i njihovoj mentorici prof. Vitalji\u0107!<\/p>\n\n\n\n<p>Hvala im \u0161to nam uz matematiku daju nadu za bolje sutra! \u2764\ufe0f<\/p>\n\n\n\n<figure class=\"wp-block-image size-large\"><img loading=\"lazy\" decoding=\"async\" width=\"1024\" height=\"741\" src=\"https:\/\/drugagimnazija.hr\/wp-content\/uploads\/2025\/12\/WhatsApp-Image-2025-12-10-at-08.56.09-1024x741.jpeg\" alt=\"\" class=\"wp-image-12649\" srcset=\"https:\/\/drugagimnazija.hr\/wp-content\/uploads\/2025\/12\/WhatsApp-Image-2025-12-10-at-08.56.09-1024x741.jpeg 1024w, https:\/\/drugagimnazija.hr\/wp-content\/uploads\/2025\/12\/WhatsApp-Image-2025-12-10-at-08.56.09-300x217.jpeg 300w, https:\/\/drugagimnazija.hr\/wp-content\/uploads\/2025\/12\/WhatsApp-Image-2025-12-10-at-08.56.09-768x556.jpeg 768w, https:\/\/drugagimnazija.hr\/wp-content\/uploads\/2025\/12\/WhatsApp-Image-2025-12-10-at-08.56.09.jpeg 1079w\" sizes=\"auto, (max-width: 1024px) 100vw, 1024px\" \/><\/figure>\n","protected":false},"excerpt":{"rendered":"<p>U utorak, 2.12. odr\u017eale su se Zlatne ve\u010deri matematike u Etnografskom muzeju u Splitu. Na\u0161e su u\u010denice 4.a razreda &#8211; [&hellip;]<\/p>\n","protected":false},"author":1,"featured_media":12648,"comment_status":"closed","ping_status":"open","sticky":false,"template":"","format":"standard","meta":{"cybocfi_hide_featured_image":"","footnotes":""},"categories":[119,2,1],"tags":[],"class_list":["post-12647","post","type-post","status-publish","format-standard","has-post-thumbnail","hentry","category-matematika","category-novosti","category-uncategorized"],"_links":{"self":[{"href":"https:\/\/drugagimnazija.hr\/index.php?rest_route=\/wp\/v2\/posts\/12647","targetHints":{"allow":["GET"]}}],"collection":[{"href":"https:\/\/drugagimnazija.hr\/index.php?rest_route=\/wp\/v2\/posts"}],"about":[{"href":"https:\/\/drugagimnazija.hr\/index.php?rest_route=\/wp\/v2\/types\/post"}],"author":[{"embeddable":true,"href":"https:\/\/drugagimnazija.hr\/index.php?rest_route=\/wp\/v2\/users\/1"}],"replies":[{"embeddable":true,"href":"https:\/\/drugagimnazija.hr\/index.php?rest_route=%2Fwp%2Fv2%2Fcomments&post=12647"}],"version-history":[{"count":4,"href":"https:\/\/drugagimnazija.hr\/index.php?rest_route=\/wp\/v2\/posts\/12647\/revisions"}],"predecessor-version":[{"id":12663,"href":"https:\/\/drugagimnazija.hr\/index.php?rest_route=\/wp\/v2\/posts\/12647\/revisions\/12663"}],"wp:featuredmedia":[{"embeddable":true,"href":"https:\/\/drugagimnazija.hr\/index.php?rest_route=\/wp\/v2\/media\/12648"}],"wp:attachment":[{"href":"https:\/\/drugagimnazija.hr\/index.php?rest_route=%2Fwp%2Fv2%2Fmedia&parent=12647"}],"wp:term":[{"taxonomy":"category","embeddable":true,"href":"https:\/\/drugagimnazija.hr\/index.php?rest_route=%2Fwp%2Fv2%2Fcategories&post=12647"},{"taxonomy":"post_tag","embeddable":true,"href":"https:\/\/drugagimnazija.hr\/index.php?rest_route=%2Fwp%2Fv2%2Ftags&post=12647"}],"curies":[{"name":"wp","href":"https:\/\/api.w.org\/{rel}","templated":true}]}}