{"id":12593,"date":"2025-12-01T17:18:17","date_gmt":"2025-12-01T16:18:17","guid":{"rendered":"https:\/\/drugagimnazija.hr\/?p=12593"},"modified":"2025-12-01T17:18:19","modified_gmt":"2025-12-01T16:18:19","slug":"srcani-nastup-nasih-rukometasica-i-rukometasa","status":"publish","type":"post","link":"https:\/\/drugagimnazija.hr\/?p=12593","title":{"rendered":"Sr\u010dani nastup na\u0161ih rukometa\u0161ica i rukometa\u0161a"},"content":{"rendered":"\n<p>Pod vodstvom u\u010denice Diane Bari\u0161i\u0107 i u\u010denika Roka Radi\u0107a, put na\u0161ih rukometa\u0161ica i rukometa\u0161a na natjecanju je krenuo sjajno \u2013 u prvom kolu su ostvarili uvjerljive pobjede koje su pokazale njihov potencijal i odli\u010dnu pripremu.<\/p>\n\n\n\n<p>Jutro\u0161nje utakmice bile su posljednje u skupini za na\u0161e djevojke i mladi\u0107e. Iako u drugom kolu nisu ostvarene pobjede, s ogromnim ponosom gledamo na borbeni duh, timski rad i svaku minutu koju su svi dali na terenu. <\/p>\n\n\n\n<p>Hvala svim igra\u010dicama i igra\u010dima na ogromnom trudu i predanosti! \u2764<\/p>\n\n\n\n<p>Hvala i svim navija\u010dima na vjernoj podr\u0161ci! \ud83e\udd73<\/p>\n\n\n\n<figure class=\"wp-block-image size-large\"><img loading=\"lazy\" decoding=\"async\" width=\"1024\" height=\"473\" src=\"https:\/\/drugagimnazija.hr\/wp-content\/uploads\/2025\/12\/WhatsApp-Image-2025-12-01-at-15.45.39-1-1024x473.jpeg\" alt=\"\" class=\"wp-image-12595\" srcset=\"https:\/\/drugagimnazija.hr\/wp-content\/uploads\/2025\/12\/WhatsApp-Image-2025-12-01-at-15.45.39-1-1024x473.jpeg 1024w, https:\/\/drugagimnazija.hr\/wp-content\/uploads\/2025\/12\/WhatsApp-Image-2025-12-01-at-15.45.39-1-300x139.jpeg 300w, https:\/\/drugagimnazija.hr\/wp-content\/uploads\/2025\/12\/WhatsApp-Image-2025-12-01-at-15.45.39-1-768x355.jpeg 768w, https:\/\/drugagimnazija.hr\/wp-content\/uploads\/2025\/12\/WhatsApp-Image-2025-12-01-at-15.45.39-1-1536x709.jpeg 1536w, https:\/\/drugagimnazija.hr\/wp-content\/uploads\/2025\/12\/WhatsApp-Image-2025-12-01-at-15.45.39-1.jpeg 2040w\" sizes=\"auto, (max-width: 1024px) 100vw, 1024px\" \/><\/figure>\n","protected":false},"excerpt":{"rendered":"<p>Pod vodstvom u\u010denice Diane Bari\u0161i\u0107 i u\u010denika Roka Radi\u0107a, put na\u0161ih rukometa\u0161ica i rukometa\u0161a na natjecanju je krenuo sjajno \u2013 [&hellip;]<\/p>\n","protected":false},"author":1,"featured_media":12594,"comment_status":"closed","ping_status":"open","sticky":false,"template":"","format":"standard","meta":{"cybocfi_hide_featured_image":"","footnotes":""},"categories":[122,2,151],"tags":[],"class_list":["post-12593","post","type-post","status-publish","format-standard","has-post-thumbnail","hentry","category-natjecanja","category-novosti","category-tjelesni"],"_links":{"self":[{"href":"https:\/\/drugagimnazija.hr\/index.php?rest_route=\/wp\/v2\/posts\/12593","targetHints":{"allow":["GET"]}}],"collection":[{"href":"https:\/\/drugagimnazija.hr\/index.php?rest_route=\/wp\/v2\/posts"}],"about":[{"href":"https:\/\/drugagimnazija.hr\/index.php?rest_route=\/wp\/v2\/types\/post"}],"author":[{"embeddable":true,"href":"https:\/\/drugagimnazija.hr\/index.php?rest_route=\/wp\/v2\/users\/1"}],"replies":[{"embeddable":true,"href":"https:\/\/drugagimnazija.hr\/index.php?rest_route=%2Fwp%2Fv2%2Fcomments&post=12593"}],"version-history":[{"count":2,"href":"https:\/\/drugagimnazija.hr\/index.php?rest_route=\/wp\/v2\/posts\/12593\/revisions"}],"predecessor-version":[{"id":12597,"href":"https:\/\/drugagimnazija.hr\/index.php?rest_route=\/wp\/v2\/posts\/12593\/revisions\/12597"}],"wp:featuredmedia":[{"embeddable":true,"href":"https:\/\/drugagimnazija.hr\/index.php?rest_route=\/wp\/v2\/media\/12594"}],"wp:attachment":[{"href":"https:\/\/drugagimnazija.hr\/index.php?rest_route=%2Fwp%2Fv2%2Fmedia&parent=12593"}],"wp:term":[{"taxonomy":"category","embeddable":true,"href":"https:\/\/drugagimnazija.hr\/index.php?rest_route=%2Fwp%2Fv2%2Fcategories&post=12593"},{"taxonomy":"post_tag","embeddable":true,"href":"https:\/\/drugagimnazija.hr\/index.php?rest_route=%2Fwp%2Fv2%2Ftags&post=12593"}],"curies":[{"name":"wp","href":"https:\/\/api.w.org\/{rel}","templated":true}]}}