{"id":12585,"date":"2025-11-18T14:11:58","date_gmt":"2025-11-18T13:11:58","guid":{"rendered":"https:\/\/drugagimnazija.hr\/?p=12585"},"modified":"2025-12-01T15:19:36","modified_gmt":"2025-12-01T14:19:36","slug":"dan-sjecanja-18-studenog","status":"publish","type":"post","link":"https:\/\/drugagimnazija.hr\/?p=12585","title":{"rendered":"Dan sje\u0107anja &#8211; 18. studenog"},"content":{"rendered":"\n<p>Na\u0161i su u\u010denici premladi da bi mogli pamtiti, ali i dovoljno odrasli i sr\u010dani da ne zaboravljaju \u017ertvu herojskog grada Vukovara.<\/p>\n\n\n\n<p>Njemu u \u010dast u\u010denici 1.a, 1.f, 2.e, 3.e i 4.b razreda, uz pomo\u0107 prof. Magdalene Mr\u010dela i knji\u017eni\u010darke Silvije Bebek, organizirali su izlo\u017ebu literarnih, fotografskih i likovnih radova &#8221;I nikada narod zaboravit&#8217; ne\u0107e&#8221;. <\/p>\n\n\n\n<p>\ud83d\udc96\ud83d\udd6f\ufe0f<\/p>\n\n\n\n<p><\/p>\n","protected":false},"excerpt":{"rendered":"<p>Na\u0161i su u\u010denici premladi da bi mogli pamtiti, ali i dovoljno odrasli i sr\u010dani da ne zaboravljaju \u017ertvu herojskog grada [&hellip;]<\/p>\n","protected":false},"author":1,"featured_media":12586,"comment_status":"closed","ping_status":"open","sticky":false,"template":"","format":"standard","meta":{"cybocfi_hide_featured_image":"","footnotes":""},"categories":[2,131,1],"tags":[],"class_list":["post-12585","post","type-post","status-publish","format-standard","has-post-thumbnail","hentry","category-novosti","category-obiljezavanje-vaznih-datuma","category-uncategorized"],"_links":{"self":[{"href":"https:\/\/drugagimnazija.hr\/index.php?rest_route=\/wp\/v2\/posts\/12585","targetHints":{"allow":["GET"]}}],"collection":[{"href":"https:\/\/drugagimnazija.hr\/index.php?rest_route=\/wp\/v2\/posts"}],"about":[{"href":"https:\/\/drugagimnazija.hr\/index.php?rest_route=\/wp\/v2\/types\/post"}],"author":[{"embeddable":true,"href":"https:\/\/drugagimnazija.hr\/index.php?rest_route=\/wp\/v2\/users\/1"}],"replies":[{"embeddable":true,"href":"https:\/\/drugagimnazija.hr\/index.php?rest_route=%2Fwp%2Fv2%2Fcomments&post=12585"}],"version-history":[{"count":2,"href":"https:\/\/drugagimnazija.hr\/index.php?rest_route=\/wp\/v2\/posts\/12585\/revisions"}],"predecessor-version":[{"id":12588,"href":"https:\/\/drugagimnazija.hr\/index.php?rest_route=\/wp\/v2\/posts\/12585\/revisions\/12588"}],"wp:featuredmedia":[{"embeddable":true,"href":"https:\/\/drugagimnazija.hr\/index.php?rest_route=\/wp\/v2\/media\/12586"}],"wp:attachment":[{"href":"https:\/\/drugagimnazija.hr\/index.php?rest_route=%2Fwp%2Fv2%2Fmedia&parent=12585"}],"wp:term":[{"taxonomy":"category","embeddable":true,"href":"https:\/\/drugagimnazija.hr\/index.php?rest_route=%2Fwp%2Fv2%2Fcategories&post=12585"},{"taxonomy":"post_tag","embeddable":true,"href":"https:\/\/drugagimnazija.hr\/index.php?rest_route=%2Fwp%2Fv2%2Ftags&post=12585"}],"curies":[{"name":"wp","href":"https:\/\/api.w.org\/{rel}","templated":true}]}}