{"id":12550,"date":"2025-11-26T11:49:59","date_gmt":"2025-11-26T10:49:59","guid":{"rendered":"https:\/\/drugagimnazija.hr\/?p=12550"},"modified":"2025-11-27T07:25:52","modified_gmt":"2025-11-27T06:25:52","slug":"uspjeh-nase-ucenice-anje-rozic","status":"publish","type":"post","link":"https:\/\/drugagimnazija.hr\/?p=12550","title":{"rendered":"Uspjeh na\u0161e u\u010denice Anje Ro\u017ei\u0107"},"content":{"rendered":"\n<p>Od srca \u010destitamo na\u0161oj u\u010denici <strong>Anji Ro\u017ei\u0107<\/strong> iz <strong>1. f<\/strong> razreda na izvanrednom uspjehu!<\/p>\n\n\n\n<p>Osvojiv\u0161i tre\u0107e mjesto na dr\u017eavnom natjecanju u gimnastici u Rijeci, Anja je postala ponosom cijele \u0161kole. Ovo sjajno postignu\u0107e rezultat je velikoga truda i \u017ertve na\u0161e u\u010denice i \u010dlanice kluba GK Marjan.<\/p>\n\n\n\n<p>Anjin uspjeh velika je inspiracija svima nama!<\/p>\n\n\n\n<p>Sretni smo \u0161to je na\u0161a i \u017eelimo joj jo\u0161 puno uspjeha u budu\u0107nosti! \u2764\ufe0f<\/p>\n\n\n\n<figure class=\"wp-block-image size-large\"><img loading=\"lazy\" decoding=\"async\" width=\"1024\" height=\"889\" src=\"https:\/\/drugagimnazija.hr\/wp-content\/uploads\/2025\/11\/WhatsApp-Image-2025-11-26-at-11.24.00-1024x889.jpeg\" alt=\"\" class=\"wp-image-12552\" srcset=\"https:\/\/drugagimnazija.hr\/wp-content\/uploads\/2025\/11\/WhatsApp-Image-2025-11-26-at-11.24.00-1024x889.jpeg 1024w, https:\/\/drugagimnazija.hr\/wp-content\/uploads\/2025\/11\/WhatsApp-Image-2025-11-26-at-11.24.00-300x260.jpeg 300w, https:\/\/drugagimnazija.hr\/wp-content\/uploads\/2025\/11\/WhatsApp-Image-2025-11-26-at-11.24.00-768x667.jpeg 768w, https:\/\/drugagimnazija.hr\/wp-content\/uploads\/2025\/11\/WhatsApp-Image-2025-11-26-at-11.24.00.jpeg 1320w\" sizes=\"auto, (max-width: 1024px) 100vw, 1024px\" \/><\/figure>\n","protected":false},"excerpt":{"rendered":"<p>Od srca \u010destitamo na\u0161oj u\u010denici Anji Ro\u017ei\u0107 iz 1. f razreda na izvanrednom uspjehu! Osvojiv\u0161i tre\u0107e mjesto na dr\u017eavnom natjecanju [&hellip;]<\/p>\n","protected":false},"author":1,"featured_media":12551,"comment_status":"closed","ping_status":"open","sticky":false,"template":"","format":"standard","meta":{"cybocfi_hide_featured_image":"","footnotes":""},"categories":[122,2,158],"tags":[],"class_list":["post-12550","post","type-post","status-publish","format-standard","has-post-thumbnail","hentry","category-natjecanja","category-novosti","category-sport"],"_links":{"self":[{"href":"https:\/\/drugagimnazija.hr\/index.php?rest_route=\/wp\/v2\/posts\/12550","targetHints":{"allow":["GET"]}}],"collection":[{"href":"https:\/\/drugagimnazija.hr\/index.php?rest_route=\/wp\/v2\/posts"}],"about":[{"href":"https:\/\/drugagimnazija.hr\/index.php?rest_route=\/wp\/v2\/types\/post"}],"author":[{"embeddable":true,"href":"https:\/\/drugagimnazija.hr\/index.php?rest_route=\/wp\/v2\/users\/1"}],"replies":[{"embeddable":true,"href":"https:\/\/drugagimnazija.hr\/index.php?rest_route=%2Fwp%2Fv2%2Fcomments&post=12550"}],"version-history":[{"count":4,"href":"https:\/\/drugagimnazija.hr\/index.php?rest_route=\/wp\/v2\/posts\/12550\/revisions"}],"predecessor-version":[{"id":12560,"href":"https:\/\/drugagimnazija.hr\/index.php?rest_route=\/wp\/v2\/posts\/12550\/revisions\/12560"}],"wp:featuredmedia":[{"embeddable":true,"href":"https:\/\/drugagimnazija.hr\/index.php?rest_route=\/wp\/v2\/media\/12551"}],"wp:attachment":[{"href":"https:\/\/drugagimnazija.hr\/index.php?rest_route=%2Fwp%2Fv2%2Fmedia&parent=12550"}],"wp:term":[{"taxonomy":"category","embeddable":true,"href":"https:\/\/drugagimnazija.hr\/index.php?rest_route=%2Fwp%2Fv2%2Fcategories&post=12550"},{"taxonomy":"post_tag","embeddable":true,"href":"https:\/\/drugagimnazija.hr\/index.php?rest_route=%2Fwp%2Fv2%2Ftags&post=12550"}],"curies":[{"name":"wp","href":"https:\/\/api.w.org\/{rel}","templated":true}]}}