{"id":12528,"date":"2025-11-21T19:12:44","date_gmt":"2025-11-21T18:12:44","guid":{"rendered":"https:\/\/drugagimnazija.hr\/?p=12528"},"modified":"2025-12-01T17:22:41","modified_gmt":"2025-12-01T16:22:41","slug":"himna-za-europski-dan-jezika","status":"publish","type":"post","link":"https:\/\/drugagimnazija.hr\/?p=12528","title":{"rendered":"Himna za Europski dan jezika"},"content":{"rendered":"\n<p>Prilikom obilje\u017eavanja Europskog dana jezika, na\u0161a u\u010denica 2.a razreda, <strong>Kristabel Paveti\u010dek<\/strong>, pod mentorstvom profesorice Fani Mar\u0111oki\u0107, odlu\u010dila se oku\u0161ati u natje\u010daju Europske komisije te izvesti himnu &#8216;Voices of Europe&#8217; na francuskom jeziku.<\/p>\n\n\n\n<p>Samoinicijativno se potrudila snimiti i <a href=\"https:\/\/www.youtube.com\/watch?v=keZJ6SP33ZI&amp;list=RDkeZJ6SP33ZI&amp;start_radio=1\">spot <\/a>za svoju izvedbu koja je na kraju i uvr\u0161tena u globalnu verziju himne koju mo\u017eete pogledati <em><a href=\"https:\/\/edl.ecml.at\/en\/Activities\/2025-video\">ovdje<\/a><\/em>.<\/p>\n\n\n\n<p>\u010cestitamo na\u0161oj Kristabel i nadamo se da \u0107emo gledati njene daljnje uspjehe! \ud83d\ude0a<\/p>\n\n\n\n<p>Bravo! \ud83e\udd70<\/p>\n","protected":false},"excerpt":{"rendered":"<p>Prilikom obilje\u017eavanja Europskog dana jezika, na\u0161a u\u010denica 2.a razreda, Kristabel Paveti\u010dek, pod mentorstvom profesorice Fani Mar\u0111oki\u0107, odlu\u010dila se oku\u0161ati u [&hellip;]<\/p>\n","protected":false},"author":1,"featured_media":12532,"comment_status":"closed","ping_status":"open","sticky":false,"template":"","format":"standard","meta":{"cybocfi_hide_featured_image":"","footnotes":""},"categories":[122,2,1],"tags":[],"class_list":["post-12528","post","type-post","status-publish","format-standard","has-post-thumbnail","hentry","category-natjecanja","category-novosti","category-uncategorized"],"_links":{"self":[{"href":"https:\/\/drugagimnazija.hr\/index.php?rest_route=\/wp\/v2\/posts\/12528","targetHints":{"allow":["GET"]}}],"collection":[{"href":"https:\/\/drugagimnazija.hr\/index.php?rest_route=\/wp\/v2\/posts"}],"about":[{"href":"https:\/\/drugagimnazija.hr\/index.php?rest_route=\/wp\/v2\/types\/post"}],"author":[{"embeddable":true,"href":"https:\/\/drugagimnazija.hr\/index.php?rest_route=\/wp\/v2\/users\/1"}],"replies":[{"embeddable":true,"href":"https:\/\/drugagimnazija.hr\/index.php?rest_route=%2Fwp%2Fv2%2Fcomments&post=12528"}],"version-history":[{"count":5,"href":"https:\/\/drugagimnazija.hr\/index.php?rest_route=\/wp\/v2\/posts\/12528\/revisions"}],"predecessor-version":[{"id":12599,"href":"https:\/\/drugagimnazija.hr\/index.php?rest_route=\/wp\/v2\/posts\/12528\/revisions\/12599"}],"wp:featuredmedia":[{"embeddable":true,"href":"https:\/\/drugagimnazija.hr\/index.php?rest_route=\/wp\/v2\/media\/12532"}],"wp:attachment":[{"href":"https:\/\/drugagimnazija.hr\/index.php?rest_route=%2Fwp%2Fv2%2Fmedia&parent=12528"}],"wp:term":[{"taxonomy":"category","embeddable":true,"href":"https:\/\/drugagimnazija.hr\/index.php?rest_route=%2Fwp%2Fv2%2Fcategories&post=12528"},{"taxonomy":"post_tag","embeddable":true,"href":"https:\/\/drugagimnazija.hr\/index.php?rest_route=%2Fwp%2Fv2%2Ftags&post=12528"}],"curies":[{"name":"wp","href":"https:\/\/api.w.org\/{rel}","templated":true}]}}