{"id":12496,"date":"2025-11-12T12:43:01","date_gmt":"2025-11-12T11:43:01","guid":{"rendered":"https:\/\/drugagimnazija.hr\/?p=12496"},"modified":"2025-11-12T12:43:02","modified_gmt":"2025-11-12T11:43:02","slug":"utrka-u-sklopu-projekta-ne-zaboravimo-vukovar","status":"publish","type":"post","link":"https:\/\/drugagimnazija.hr\/?p=12496","title":{"rendered":"Utrka u sklopu projekta &#8220;Ne zaboravimo Vukovar&#8221;"},"content":{"rendered":"\n<p>Danas su na\u0161i u\u010denici ponosno sudjelovali u utrci u znak sje\u0107anja na \u017ertve Vukovara, koju je organizirala Zdravstvena \u0161kola pod pokroviteljstvom \u017dupanije. <\/p>\n\n\n\n<p>U\u010denici su s velikom energijom i dostojanstvom odali po\u010dast. Prije utrke u\u010denike je intervjuirala i ekipa Hrvatske radiotelevizije (HRT). <\/p>\n\n\n\n<p>Ponosni smo na na\u0161e u\u010denike! \ud83d\udc4f<\/p>\n","protected":false},"excerpt":{"rendered":"<p>Danas su na\u0161i u\u010denici ponosno sudjelovali u utrci u znak sje\u0107anja na \u017ertve Vukovara, koju je organizirala Zdravstvena \u0161kola pod [&hellip;]<\/p>\n","protected":false},"author":1,"featured_media":12497,"comment_status":"closed","ping_status":"open","sticky":false,"template":"","format":"standard","meta":{"cybocfi_hide_featured_image":"","footnotes":""},"categories":[2,151,1],"tags":[],"class_list":["post-12496","post","type-post","status-publish","format-standard","has-post-thumbnail","hentry","category-novosti","category-tjelesni","category-uncategorized"],"_links":{"self":[{"href":"https:\/\/drugagimnazija.hr\/index.php?rest_route=\/wp\/v2\/posts\/12496","targetHints":{"allow":["GET"]}}],"collection":[{"href":"https:\/\/drugagimnazija.hr\/index.php?rest_route=\/wp\/v2\/posts"}],"about":[{"href":"https:\/\/drugagimnazija.hr\/index.php?rest_route=\/wp\/v2\/types\/post"}],"author":[{"embeddable":true,"href":"https:\/\/drugagimnazija.hr\/index.php?rest_route=\/wp\/v2\/users\/1"}],"replies":[{"embeddable":true,"href":"https:\/\/drugagimnazija.hr\/index.php?rest_route=%2Fwp%2Fv2%2Fcomments&post=12496"}],"version-history":[{"count":2,"href":"https:\/\/drugagimnazija.hr\/index.php?rest_route=\/wp\/v2\/posts\/12496\/revisions"}],"predecessor-version":[{"id":12499,"href":"https:\/\/drugagimnazija.hr\/index.php?rest_route=\/wp\/v2\/posts\/12496\/revisions\/12499"}],"wp:featuredmedia":[{"embeddable":true,"href":"https:\/\/drugagimnazija.hr\/index.php?rest_route=\/wp\/v2\/media\/12497"}],"wp:attachment":[{"href":"https:\/\/drugagimnazija.hr\/index.php?rest_route=%2Fwp%2Fv2%2Fmedia&parent=12496"}],"wp:term":[{"taxonomy":"category","embeddable":true,"href":"https:\/\/drugagimnazija.hr\/index.php?rest_route=%2Fwp%2Fv2%2Fcategories&post=12496"},{"taxonomy":"post_tag","embeddable":true,"href":"https:\/\/drugagimnazija.hr\/index.php?rest_route=%2Fwp%2Fv2%2Ftags&post=12496"}],"curies":[{"name":"wp","href":"https:\/\/api.w.org\/{rel}","templated":true}]}}