{"id":12474,"date":"2025-11-07T13:57:14","date_gmt":"2025-11-07T12:57:14","guid":{"rendered":"https:\/\/drugagimnazija.hr\/?p=12474"},"modified":"2026-01-21T08:45:21","modified_gmt":"2026-01-21T07:45:21","slug":"erasmus-u-drugoj","status":"publish","type":"post","link":"https:\/\/drugagimnazija.hr\/?p=12474","title":{"rendered":"Erasmus+ u Drugoj"},"content":{"rendered":"\n<p>U periodu od 3. do 5. studenoga na\u0161a je \u0161kola ugostila 15 u\u010denika iz Litve u sklopu njihova Erasmus posjeta Splitu. Na\u0161e je goste zanimalo kojim se izvannastavnim aktivnostima i projektima bave u\u010denici Druge i kako funkcionira Vije\u0107e u\u010denika. Isto tako, sudjelovali su na nastavi Engleskog jezika i u radionici <em>Paint and Dine<\/em> koja se odr\u017eala u \u0161kolskoj knji\u017enici, a kako je sve to skupa izgledalo mo\u017eete pogledati u galeriji ni\u017ee, ali i na na\u0161em novom <a href=\"https:\/\/www.tiktok.com\/@drugagimnazija_st\/video\/7569737155115846934\">TikTok videu<\/a>.<\/p>\n\n\n\n<p>Na ovaj su na\u010din i na\u0161i u\u010denici i gosti imali priliku saznati neke pojedinosti o kulturi druge dr\u017eave, ali i razmijeniti \u0161kolska iskustva.&nbsp;<\/p>\n\n\n\n<p>Veselimo se budu\u0107im sli\u010dnim doga\u0111ajima!&nbsp;\ud83d\udc96<\/p>\n","protected":false},"excerpt":{"rendered":"<p>U periodu od 3. do 5. studenoga na\u0161a je \u0161kola ugostila 15 u\u010denika iz Litve u sklopu njihova Erasmus posjeta [&hellip;]<\/p>\n","protected":false},"author":1,"featured_media":12475,"comment_status":"closed","ping_status":"open","sticky":false,"template":"","format":"standard","meta":{"cybocfi_hide_featured_image":"","footnotes":""},"categories":[101,2,100,1],"tags":[],"class_list":["post-12474","post","type-post","status-publish","format-standard","has-post-thumbnail","hentry","category-erasmus","category-novosti","category-projekti-u-knjiznici","category-uncategorized"],"_links":{"self":[{"href":"https:\/\/drugagimnazija.hr\/index.php?rest_route=\/wp\/v2\/posts\/12474","targetHints":{"allow":["GET"]}}],"collection":[{"href":"https:\/\/drugagimnazija.hr\/index.php?rest_route=\/wp\/v2\/posts"}],"about":[{"href":"https:\/\/drugagimnazija.hr\/index.php?rest_route=\/wp\/v2\/types\/post"}],"author":[{"embeddable":true,"href":"https:\/\/drugagimnazija.hr\/index.php?rest_route=\/wp\/v2\/users\/1"}],"replies":[{"embeddable":true,"href":"https:\/\/drugagimnazija.hr\/index.php?rest_route=%2Fwp%2Fv2%2Fcomments&post=12474"}],"version-history":[{"count":5,"href":"https:\/\/drugagimnazija.hr\/index.php?rest_route=\/wp\/v2\/posts\/12474\/revisions"}],"predecessor-version":[{"id":12764,"href":"https:\/\/drugagimnazija.hr\/index.php?rest_route=\/wp\/v2\/posts\/12474\/revisions\/12764"}],"wp:featuredmedia":[{"embeddable":true,"href":"https:\/\/drugagimnazija.hr\/index.php?rest_route=\/wp\/v2\/media\/12475"}],"wp:attachment":[{"href":"https:\/\/drugagimnazija.hr\/index.php?rest_route=%2Fwp%2Fv2%2Fmedia&parent=12474"}],"wp:term":[{"taxonomy":"category","embeddable":true,"href":"https:\/\/drugagimnazija.hr\/index.php?rest_route=%2Fwp%2Fv2%2Fcategories&post=12474"},{"taxonomy":"post_tag","embeddable":true,"href":"https:\/\/drugagimnazija.hr\/index.php?rest_route=%2Fwp%2Fv2%2Ftags&post=12474"}],"curies":[{"name":"wp","href":"https:\/\/api.w.org\/{rel}","templated":true}]}}